{"id":1053,"date":"2022-05-18T12:56:57","date_gmt":"2022-05-18T18:56:57","guid":{"rendered":"https:\/\/encontacto.asefemsa.com\/?p=1053"},"modified":"2022-05-24T11:56:06","modified_gmt":"2022-05-24T17:56:06","slug":"charla","status":"publish","type":"post","link":"https:\/\/encontacto.asefemsa.com\/index.php\/2022\/05\/18\/charla\/","title":{"rendered":"Charla virtual gratuita sobre emprendimiento"},"content":{"rendered":"\n<div class=\"wp-block-image\"><figure class=\"aligncenter size-large is-resized\"><img loading=\"lazy\" decoding=\"async\" src=\"https:\/\/encontacto.asefemsa.com\/wp-content\/uploads\/2022\/05\/logo46Aniv_Mesa-de-trabajo-1-copia-1024x293.png\" alt=\"\" class=\"wp-image-1058\" width=\"356\" height=\"102\" srcset=\"https:\/\/encontacto.asefemsa.com\/wp-content\/uploads\/2022\/05\/logo46Aniv_Mesa-de-trabajo-1-copia-1024x293.png 1024w, https:\/\/encontacto.asefemsa.com\/wp-content\/uploads\/2022\/05\/logo46Aniv_Mesa-de-trabajo-1-copia-300x86.png 300w, https:\/\/encontacto.asefemsa.com\/wp-content\/uploads\/2022\/05\/logo46Aniv_Mesa-de-trabajo-1-copia-768x219.png 768w, https:\/\/encontacto.asefemsa.com\/wp-content\/uploads\/2022\/05\/logo46Aniv_Mesa-de-trabajo-1-copia-1536x439.png 1536w, https:\/\/encontacto.asefemsa.com\/wp-content\/uploads\/2022\/05\/logo46Aniv_Mesa-de-trabajo-1-copia-2048x585.png 2048w, https:\/\/encontacto.asefemsa.com\/wp-content\/uploads\/2022\/05\/logo46Aniv_Mesa-de-trabajo-1-copia-750x214.png 750w, https:\/\/encontacto.asefemsa.com\/wp-content\/uploads\/2022\/05\/logo46Aniv_Mesa-de-trabajo-1-copia-1000x286.png 1000w\" sizes=\"auto, (max-width: 356px) 100vw, 356px\" \/><\/figure><\/div>\n\n\n\n<p class=\"has-text-align-center\">ASEFEMSA y el Movimiento Solidarista Costarricense le invitan a la charla gratuita:<\/p>\n\n\n\n<div class=\"wp-block-image\"><figure class=\"aligncenter size-large is-resized\"><img loading=\"lazy\" decoding=\"async\" src=\"https:\/\/encontacto.asefemsa.com\/wp-content\/uploads\/2022\/05\/tituloCharla-02-1024x449.jpg\" alt=\"\" class=\"wp-image-1065\" width=\"525\" height=\"231\" srcset=\"https:\/\/encontacto.asefemsa.com\/wp-content\/uploads\/2022\/05\/tituloCharla-02-1024x449.jpg 1024w, https:\/\/encontacto.asefemsa.com\/wp-content\/uploads\/2022\/05\/tituloCharla-02-300x132.jpg 300w, https:\/\/encontacto.asefemsa.com\/wp-content\/uploads\/2022\/05\/tituloCharla-02-768x337.jpg 768w, https:\/\/encontacto.asefemsa.com\/wp-content\/uploads\/2022\/05\/tituloCharla-02-1536x674.jpg 1536w, https:\/\/encontacto.asefemsa.com\/wp-content\/uploads\/2022\/05\/tituloCharla-02-2048x898.jpg 2048w, https:\/\/encontacto.asefemsa.com\/wp-content\/uploads\/2022\/05\/tituloCharla-02-750x329.jpg 750w, https:\/\/encontacto.asefemsa.com\/wp-content\/uploads\/2022\/05\/tituloCharla-02-1140x500.jpg 1140w, https:\/\/encontacto.asefemsa.com\/wp-content\/uploads\/2022\/05\/tituloCharla-02-1000x439.jpg 1000w\" sizes=\"auto, (max-width: 525px) 100vw, 525px\" \/><\/figure><\/div>\n\n\n\n<p class=\"has-text-align-center\"><strong>Una charla virtual<\/strong> (por Teams) para personas asociadas y sus familiares<\/p>\n\n\n\n<div class=\"wp-block-image\"><figure class=\"aligncenter size-large is-resized\"><img loading=\"lazy\" decoding=\"async\" src=\"https:\/\/encontacto.asefemsa.com\/wp-content\/uploads\/2022\/05\/fecha-02-1024x654.jpg\" alt=\"\" class=\"wp-image-1061\" width=\"299\" height=\"191\" srcset=\"https:\/\/encontacto.asefemsa.com\/wp-content\/uploads\/2022\/05\/fecha-02-1024x654.jpg 1024w, https:\/\/encontacto.asefemsa.com\/wp-content\/uploads\/2022\/05\/fecha-02-300x191.jpg 300w, https:\/\/encontacto.asefemsa.com\/wp-content\/uploads\/2022\/05\/fecha-02-768x490.jpg 768w, https:\/\/encontacto.asefemsa.com\/wp-content\/uploads\/2022\/05\/fecha-02-1536x980.jpg 1536w, https:\/\/encontacto.asefemsa.com\/wp-content\/uploads\/2022\/05\/fecha-02-2048x1307.jpg 2048w, https:\/\/encontacto.asefemsa.com\/wp-content\/uploads\/2022\/05\/fecha-02-750x479.jpg 750w, https:\/\/encontacto.asefemsa.com\/wp-content\/uploads\/2022\/05\/fecha-02-783x500.jpg 783w\" sizes=\"auto, (max-width: 299px) 100vw, 299px\" \/><\/figure><\/div>\n\n\n\n<p class=\"has-text-align-center\">Instructor: Gustavo Rodr\u00edguez<br>M\u00e1ster en innovaci\u00f3n y emprendimiento \/ Consultor y asesor BN Mujer, FEDEIMAS, MEIC<br><br>&#8212;<\/p>\n\n\n\n<div class=\"wp-block-image\"><figure class=\"aligncenter size-large is-resized\"><a href=\"https:\/\/es.surveymonkey.com\/r\/charlaimpulsandoemprendimientojunio2022\"><img loading=\"lazy\" decoding=\"async\" src=\"https:\/\/encontacto.asefemsa.com\/wp-content\/uploads\/2022\/05\/inscripcion-02-1024x449.jpg\" alt=\"\" class=\"wp-image-1062\" width=\"308\" height=\"135\" srcset=\"https:\/\/encontacto.asefemsa.com\/wp-content\/uploads\/2022\/05\/inscripcion-02-1024x449.jpg 1024w, https:\/\/encontacto.asefemsa.com\/wp-content\/uploads\/2022\/05\/inscripcion-02-300x132.jpg 300w, https:\/\/encontacto.asefemsa.com\/wp-content\/uploads\/2022\/05\/inscripcion-02-768x337.jpg 768w, https:\/\/encontacto.asefemsa.com\/wp-content\/uploads\/2022\/05\/inscripcion-02-1536x674.jpg 1536w, https:\/\/encontacto.asefemsa.com\/wp-content\/uploads\/2022\/05\/inscripcion-02-2048x898.jpg 2048w, https:\/\/encontacto.asefemsa.com\/wp-content\/uploads\/2022\/05\/inscripcion-02-750x329.jpg 750w, https:\/\/encontacto.asefemsa.com\/wp-content\/uploads\/2022\/05\/inscripcion-02-1140x500.jpg 1140w, https:\/\/encontacto.asefemsa.com\/wp-content\/uploads\/2022\/05\/inscripcion-02-1000x439.jpg 1000w\" sizes=\"auto, (max-width: 308px) 100vw, 308px\" \/><\/a><figcaption><em><a href=\"https:\/\/es.surveymonkey.com\/r\/charlaimpulsandoemprendimientojunio2022\" target=\"_blank\" rel=\"noreferrer noopener\">https:\/\/es.surveymonkey.com\/r\/charlaimpulsandoemprendimientojunio2022<\/a><\/em><\/figcaption><\/figure><\/div>\n\n\n\n<p class=\"has-text-align-center\" style=\"font-size:15px\">Una actividad exclusiva para personas asociadas (y familiares) de ASEFEMSA, gracias al apoyo del Movimiento Solidarista.<\/p>\n\n\n\n<div class=\"wp-block-image\"><figure class=\"aligncenter size-full is-resized\"><img loading=\"lazy\" decoding=\"async\" src=\"https:\/\/encontacto.asefemsa.com\/wp-content\/uploads\/2022\/05\/logo-msc.png\" alt=\"\" class=\"wp-image-1057\" width=\"328\" height=\"64\" srcset=\"https:\/\/encontacto.asefemsa.com\/wp-content\/uploads\/2022\/05\/logo-msc.png 782w, https:\/\/encontacto.asefemsa.com\/wp-content\/uploads\/2022\/05\/logo-msc-300x59.png 300w, https:\/\/encontacto.asefemsa.com\/wp-content\/uploads\/2022\/05\/logo-msc-768x151.png 768w, https:\/\/encontacto.asefemsa.com\/wp-content\/uploads\/2022\/05\/logo-msc-750x148.png 750w\" sizes=\"auto, (max-width: 328px) 100vw, 328px\" \/><\/figure><\/div>\n\n\n\n<hr class=\"wp-block-separator is-style-dots\"\/>\n\n\n\n<p><\/p>\n\n\n\n<p>&#8212;<\/p>\n","protected":false},"excerpt":{"rendered":"<p>ASEFEMSA y el Movimiento Solidarista Costarricense le invitan a la charla gratuita: Impulsando el emprendimiento y la innovaci\u00f3n.<\/p>\n<a href=\"https:\/\/encontacto.asefemsa.com\/index.php\/2022\/05\/18\/charla\/\" class=\"more-link\">Leer m\u00e1s<\/a>","protected":false},"author":1,"featured_media":1054,"comment_status":"open","ping_status":"open","sticky":false,"template":"","format":"standard","meta":{"footnotes":""},"categories":[38],"tags":[],"class_list":["post-1053","post","type-post","status-publish","format-standard","has-post-thumbnail","hentry","category-aniversario","col-xs-12"],"_links":{"self":[{"href":"https:\/\/encontacto.asefemsa.com\/index.php\/wp-json\/wp\/v2\/posts\/1053","targetHints":{"allow":["GET"]}}],"collection":[{"href":"https:\/\/encontacto.asefemsa.com\/index.php\/wp-json\/wp\/v2\/posts"}],"about":[{"href":"https:\/\/encontacto.asefemsa.com\/index.php\/wp-json\/wp\/v2\/types\/post"}],"author":[{"embeddable":true,"href":"https:\/\/encontacto.asefemsa.com\/index.php\/wp-json\/wp\/v2\/users\/1"}],"replies":[{"embeddable":true,"href":"https:\/\/encontacto.asefemsa.com\/index.php\/wp-json\/wp\/v2\/comments?post=1053"}],"version-history":[{"count":11,"href":"https:\/\/encontacto.asefemsa.com\/index.php\/wp-json\/wp\/v2\/posts\/1053\/revisions"}],"predecessor-version":[{"id":1078,"href":"https:\/\/encontacto.asefemsa.com\/index.php\/wp-json\/wp\/v2\/posts\/1053\/revisions\/1078"}],"wp:featuredmedia":[{"embeddable":true,"href":"https:\/\/encontacto.asefemsa.com\/index.php\/wp-json\/wp\/v2\/media\/1054"}],"wp:attachment":[{"href":"https:\/\/encontacto.asefemsa.com\/index.php\/wp-json\/wp\/v2\/media?parent=1053"}],"wp:term":[{"taxonomy":"category","embeddable":true,"href":"https:\/\/encontacto.asefemsa.com\/index.php\/wp-json\/wp\/v2\/categories?post=1053"},{"taxonomy":"post_tag","embeddable":true,"href":"https:\/\/encontacto.asefemsa.com\/index.php\/wp-json\/wp\/v2\/tags?post=1053"}],"curies":[{"name":"wp","href":"https:\/\/api.w.org\/{rel}","templated":true}]}}