{"id":1173,"date":"2022-06-22T11:59:52","date_gmt":"2022-06-22T17:59:52","guid":{"rendered":"https:\/\/encontacto.asefemsa.com\/?p=1173"},"modified":"2022-06-22T11:59:54","modified_gmt":"2022-06-22T17:59:54","slug":"celebramos-46-anos-generando-bienestar","status":"publish","type":"post","link":"https:\/\/encontacto.asefemsa.com\/index.php\/2022\/06\/22\/celebramos-46-anos-generando-bienestar\/","title":{"rendered":"Celebramos 46 a\u00f1os generando bienestar"},"content":{"rendered":"\n<p>Repasamos la celebraci\u00f3n del 46 aniversario de ASEFEMSA con la participaci\u00f3n de algunas personas directoras, de comit\u00e9s de apoyo y administrativas.<\/p>\n\n\n\n<figure class=\"wp-block-embed is-type-video is-provider-youtube wp-block-embed-youtube wp-embed-aspect-16-9 wp-has-aspect-ratio\"><div class=\"wp-block-embed__wrapper\">\n<iframe loading=\"lazy\" title=\"46 Aniversario de ASEFEMSA\" width=\"950\" height=\"534\" src=\"https:\/\/www.youtube.com\/embed\/EXJE804s_wg?feature=oembed\" frameborder=\"0\" allow=\"accelerometer; autoplay; clipboard-write; encrypted-media; gyroscope; picture-in-picture\" allowfullscreen><\/iframe>\n<\/div><\/figure>\n\n\n\n<p><\/p>\n\n\n\n<p>ASEFEMSA naci\u00f3 en el mes de junio de 1976 con el objetivo de mejorar la calidad de vida de las personas asociadas y de sus familias.<\/p>\n\n\n\n<p><\/p>\n\n\n\n<figure class=\"wp-block-image size-large\"><img loading=\"lazy\" decoding=\"async\" width=\"1024\" height=\"196\" src=\"https:\/\/encontacto.asefemsa.com\/wp-content\/uploads\/2022\/06\/isotipo_Mesa-de-trabajo-1-1024x196.png\" alt=\"\" class=\"wp-image-1125\" srcset=\"https:\/\/encontacto.asefemsa.com\/wp-content\/uploads\/2022\/06\/isotipo_Mesa-de-trabajo-1-1024x196.png 1024w, https:\/\/encontacto.asefemsa.com\/wp-content\/uploads\/2022\/06\/isotipo_Mesa-de-trabajo-1-300x58.png 300w, https:\/\/encontacto.asefemsa.com\/wp-content\/uploads\/2022\/06\/isotipo_Mesa-de-trabajo-1-768x147.png 768w, https:\/\/encontacto.asefemsa.com\/wp-content\/uploads\/2022\/06\/isotipo_Mesa-de-trabajo-1-1536x295.png 1536w, https:\/\/encontacto.asefemsa.com\/wp-content\/uploads\/2022\/06\/isotipo_Mesa-de-trabajo-1-2048x393.png 2048w, https:\/\/encontacto.asefemsa.com\/wp-content\/uploads\/2022\/06\/isotipo_Mesa-de-trabajo-1-750x144.png 750w, https:\/\/encontacto.asefemsa.com\/wp-content\/uploads\/2022\/06\/isotipo_Mesa-de-trabajo-1-1000x192.png 1000w\" sizes=\"auto, (max-width: 1024px) 100vw, 1024px\" \/><\/figure>\n\n\n\n<p><\/p>\n\n\n\n<p>&#8212;<\/p>\n","protected":false},"excerpt":{"rendered":"<p>Repasamos la celebraci\u00f3n del 46 aniversario de ASEFEMSA con la participaci\u00f3n de algunas personas directoras, de comit\u00e9s de apoyo y administrativas.<\/p>\n<a href=\"https:\/\/encontacto.asefemsa.com\/index.php\/2022\/06\/22\/celebramos-46-anos-generando-bienestar\/\" class=\"more-link\">Leer m\u00e1s<\/a>","protected":false},"author":1,"featured_media":1139,"comment_status":"open","ping_status":"open","sticky":false,"template":"","format":"standard","meta":{"footnotes":""},"categories":[38],"tags":[],"class_list":["post-1173","post","type-post","status-publish","format-standard","has-post-thumbnail","hentry","category-aniversario","col-xs-12"],"_links":{"self":[{"href":"https:\/\/encontacto.asefemsa.com\/index.php\/wp-json\/wp\/v2\/posts\/1173","targetHints":{"allow":["GET"]}}],"collection":[{"href":"https:\/\/encontacto.asefemsa.com\/index.php\/wp-json\/wp\/v2\/posts"}],"about":[{"href":"https:\/\/encontacto.asefemsa.com\/index.php\/wp-json\/wp\/v2\/types\/post"}],"author":[{"embeddable":true,"href":"https:\/\/encontacto.asefemsa.com\/index.php\/wp-json\/wp\/v2\/users\/1"}],"replies":[{"embeddable":true,"href":"https:\/\/encontacto.asefemsa.com\/index.php\/wp-json\/wp\/v2\/comments?post=1173"}],"version-history":[{"count":1,"href":"https:\/\/encontacto.asefemsa.com\/index.php\/wp-json\/wp\/v2\/posts\/1173\/revisions"}],"predecessor-version":[{"id":1174,"href":"https:\/\/encontacto.asefemsa.com\/index.php\/wp-json\/wp\/v2\/posts\/1173\/revisions\/1174"}],"wp:featuredmedia":[{"embeddable":true,"href":"https:\/\/encontacto.asefemsa.com\/index.php\/wp-json\/wp\/v2\/media\/1139"}],"wp:attachment":[{"href":"https:\/\/encontacto.asefemsa.com\/index.php\/wp-json\/wp\/v2\/media?parent=1173"}],"wp:term":[{"taxonomy":"category","embeddable":true,"href":"https:\/\/encontacto.asefemsa.com\/index.php\/wp-json\/wp\/v2\/categories?post=1173"},{"taxonomy":"post_tag","embeddable":true,"href":"https:\/\/encontacto.asefemsa.com\/index.php\/wp-json\/wp\/v2\/tags?post=1173"}],"curies":[{"name":"wp","href":"https:\/\/api.w.org\/{rel}","templated":true}]}}