{"id":1188,"date":"2022-07-05T14:20:44","date_gmt":"2022-07-05T20:20:44","guid":{"rendered":"https:\/\/encontacto.asefemsa.com\/?p=1188"},"modified":"2022-07-05T14:20:46","modified_gmt":"2022-07-05T20:20:46","slug":"recordatorio-uso-de-cubrebocas-en-clinica-dental","status":"publish","type":"post","link":"https:\/\/encontacto.asefemsa.com\/index.php\/2022\/07\/05\/recordatorio-uso-de-cubrebocas-en-clinica-dental\/","title":{"rendered":"Recordatorio: Uso de cubrebocas en Cl\u00ednica Dental"},"content":{"rendered":"<div class=\"wp-block-image\">\n<figure class=\"aligncenter size-full\"><img loading=\"lazy\" decoding=\"async\" width=\"500\" height=\"200\" src=\"https:\/\/encontacto.asefemsa.com\/wp-content\/uploads\/2022\/07\/Recordatorio.jpg\" alt=\"\" class=\"wp-image-1192\" srcset=\"https:\/\/encontacto.asefemsa.com\/wp-content\/uploads\/2022\/07\/Recordatorio.jpg 500w, https:\/\/encontacto.asefemsa.com\/wp-content\/uploads\/2022\/07\/Recordatorio-300x120.jpg 300w\" sizes=\"auto, (max-width: 500px) 100vw, 500px\" \/><\/figure>\n<\/div>\n\n\n<p class=\"has-text-align-center\" style=\"font-size:23px\"><strong>Por lineamiento del Ministerio de Salud el uso de cubrebocas <\/strong><br><strong>en instalaciones de la Cl\u00ednica Dental es OBLIGATORIO.<\/strong><\/p>\n\n\n\n<p>Adem\u00e1s:<\/p>\n\n\n\n<ul class=\"wp-block-list\"><li>Se debe utilizar cubrebocas dentro del consultorio.<\/li><li>Solo menores de edad deben presentarse acompa\u00f1ados por un adulto.<\/li><li>Los adultos de tercera edad deben ser acompa\u00f1ados por una persona.<\/li><li>Cancele su cita ante s\u00edntomas de resfr\u00edo, v\u00f3mito, diarrea o herpes labial.<\/li><li>En caso de llegar 10 minutos tarde, pierde la cita (sin excepci\u00f3n).<\/li><li>Si requiere cancelar su cita, debe hacerlo con al menos 24 horas de anticipaci\u00f3n o se cobrar\u00e1 una multa de 2.550 colones.<\/li><\/ul>\n\n\n\n<p><\/p>\n\n\n\n<p><\/p>\n\n\n\n<figure class=\"wp-block-image size-large\"><img loading=\"lazy\" decoding=\"async\" width=\"1024\" height=\"144\" src=\"https:\/\/encontacto.asefemsa.com\/wp-content\/uploads\/2022\/07\/SolicitarCita-Clinica-1024x144.jpg\" alt=\"\" class=\"wp-image-1187\" srcset=\"https:\/\/encontacto.asefemsa.com\/wp-content\/uploads\/2022\/07\/SolicitarCita-Clinica-1024x144.jpg 1024w, https:\/\/encontacto.asefemsa.com\/wp-content\/uploads\/2022\/07\/SolicitarCita-Clinica-300x42.jpg 300w, https:\/\/encontacto.asefemsa.com\/wp-content\/uploads\/2022\/07\/SolicitarCita-Clinica-768x108.jpg 768w, https:\/\/encontacto.asefemsa.com\/wp-content\/uploads\/2022\/07\/SolicitarCita-Clinica-750x106.jpg 750w, https:\/\/encontacto.asefemsa.com\/wp-content\/uploads\/2022\/07\/SolicitarCita-Clinica-1000x141.jpg 1000w, https:\/\/encontacto.asefemsa.com\/wp-content\/uploads\/2022\/07\/SolicitarCita-Clinica.jpg 1200w\" sizes=\"auto, (max-width: 1024px) 100vw, 1024px\" \/><\/figure>\n\n\n\n<p><\/p>\n\n\n\n<p><\/p>\n\n\n\n<p>&#8212;<\/p>\n","protected":false},"excerpt":{"rendered":"<p>Por lineamiento del Ministerio de Salud el uso de cubrebocas<br \/>\nen instalaciones de la Cl\u00ednica Dental es OBLIGATORIO.<\/p>\n<a href=\"https:\/\/encontacto.asefemsa.com\/index.php\/2022\/07\/05\/recordatorio-uso-de-cubrebocas-en-clinica-dental\/\" class=\"more-link\">Leer m\u00e1s<\/a>","protected":false},"author":1,"featured_media":1193,"comment_status":"open","ping_status":"open","sticky":false,"template":"","format":"standard","meta":{"footnotes":""},"categories":[1],"tags":[],"class_list":["post-1188","post","type-post","status-publish","format-standard","has-post-thumbnail","hentry","category-ahorro","col-xs-12"],"_links":{"self":[{"href":"https:\/\/encontacto.asefemsa.com\/index.php\/wp-json\/wp\/v2\/posts\/1188","targetHints":{"allow":["GET"]}}],"collection":[{"href":"https:\/\/encontacto.asefemsa.com\/index.php\/wp-json\/wp\/v2\/posts"}],"about":[{"href":"https:\/\/encontacto.asefemsa.com\/index.php\/wp-json\/wp\/v2\/types\/post"}],"author":[{"embeddable":true,"href":"https:\/\/encontacto.asefemsa.com\/index.php\/wp-json\/wp\/v2\/users\/1"}],"replies":[{"embeddable":true,"href":"https:\/\/encontacto.asefemsa.com\/index.php\/wp-json\/wp\/v2\/comments?post=1188"}],"version-history":[{"count":1,"href":"https:\/\/encontacto.asefemsa.com\/index.php\/wp-json\/wp\/v2\/posts\/1188\/revisions"}],"predecessor-version":[{"id":1194,"href":"https:\/\/encontacto.asefemsa.com\/index.php\/wp-json\/wp\/v2\/posts\/1188\/revisions\/1194"}],"wp:featuredmedia":[{"embeddable":true,"href":"https:\/\/encontacto.asefemsa.com\/index.php\/wp-json\/wp\/v2\/media\/1193"}],"wp:attachment":[{"href":"https:\/\/encontacto.asefemsa.com\/index.php\/wp-json\/wp\/v2\/media?parent=1188"}],"wp:term":[{"taxonomy":"category","embeddable":true,"href":"https:\/\/encontacto.asefemsa.com\/index.php\/wp-json\/wp\/v2\/categories?post=1188"},{"taxonomy":"post_tag","embeddable":true,"href":"https:\/\/encontacto.asefemsa.com\/index.php\/wp-json\/wp\/v2\/tags?post=1188"}],"curies":[{"name":"wp","href":"https:\/\/api.w.org\/{rel}","templated":true}]}}