{"id":1219,"date":"2022-07-21T14:12:38","date_gmt":"2022-07-21T20:12:38","guid":{"rendered":"https:\/\/encontacto.asefemsa.com\/?p=1219"},"modified":"2022-07-21T14:12:39","modified_gmt":"2022-07-21T20:12:39","slug":"cierre-de-oficinas-por-feriados-25-julio-y-2-de-agosto","status":"publish","type":"post","link":"https:\/\/encontacto.asefemsa.com\/index.php\/2022\/07\/21\/cierre-de-oficinas-por-feriados-25-julio-y-2-de-agosto\/","title":{"rendered":"Cierre de Oficinas por feriados 25 julio y 2 de agosto"},"content":{"rendered":"\n<p>Informamos el cierre de oficinas por motivo de los feriados de ley:<br><br>Lunes 25 de julio &#8211; Anexi\u00f3n del Partido de Nicoya a Costa Rica<br>Martes 2 de agosto &#8211; D\u00eda de la Virgen de los \u00c1ngeles<\/p>\n\n\n\n<p><br><mark style=\"background-color:rgba(0, 0, 0, 0);color:#a31e00\" class=\"has-inline-color\"><strong>OFICINAS ADMINISTRATIVAS Y DE SERVICIO<\/strong>:<\/mark> <\/p>\n\n\n\n<p><strong>CERRADO<\/strong> Lunes 25 de julio y martes 2 de agosto 2022.<\/p>\n\n\n\n<p>IMPORTANTE: <em>Durante los d\u00edas de cierre, nuestras plataformas estar\u00e1n disponibles para consultas pero inhabilitadas para tr\u00e1mites.<\/em><\/p>\n\n\n\n<hr class=\"wp-block-separator has-css-opacity\"\/>\n\n\n\n<p><strong><mark style=\"background-color:rgba(0, 0, 0, 0);color:#a31500\" class=\"has-inline-color\">CL\u00cdNICA DENTAL:<\/mark><\/strong> <br><strong>CERRADA<\/strong> Lunes 25 de julio y martes 2 de agosto 2022.<\/p>\n\n\n\n<hr class=\"wp-block-separator has-css-opacity\"\/>\n\n\n\n<p><strong><mark style=\"background-color:rgba(0, 0, 0, 0);color:#a31e00\" class=\"has-inline-color\">TIENDA COCA-COLA:<\/mark><\/strong> <br><strong>CERRADA<\/strong> Lunes 25 de julio y martes 2 de agosto 2022.<\/p>\n\n\n\n<hr class=\"wp-block-separator has-css-opacity\"\/>\n\n\n\n<p><mark style=\"background-color:rgba(0, 0, 0, 0);color:#a31e00\" class=\"has-inline-color\"><strong>PARQUEO:<\/strong> <\/mark><br>El parqueo funcionar\u00e1 en su horario habitual.<br><em>Ingreso con tarjeta<\/em><\/p>\n\n\n\n<hr class=\"wp-block-separator has-css-opacity\"\/>\n\n\n\n<p><\/p>\n\n\n\n<p><em>Rogamos considerar este horario al momento de requerir nuestros servicios.<\/em><\/p>\n","protected":false},"excerpt":{"rendered":"<p>Informamos el cierre de oficinas por motivo de los feriados de ley:<br \/>\nLunes 25 de julio &#8211; Anexi\u00f3n del Partido de Nicoya a Costa Rica<br \/>\nMartes 2 de agosto &#8211; D\u00eda de la Virgen de los \u00c1ngeles<\/p>\n<a href=\"https:\/\/encontacto.asefemsa.com\/index.php\/2022\/07\/21\/cierre-de-oficinas-por-feriados-25-julio-y-2-de-agosto\/\" class=\"more-link\">Leer m\u00e1s<\/a>","protected":false},"author":1,"featured_media":1218,"comment_status":"open","ping_status":"open","sticky":false,"template":"","format":"standard","meta":{"footnotes":""},"categories":[52],"tags":[],"class_list":["post-1219","post","type-post","status-publish","format-standard","has-post-thumbnail","hentry","category-servicio","col-xs-12"],"_links":{"self":[{"href":"https:\/\/encontacto.asefemsa.com\/index.php\/wp-json\/wp\/v2\/posts\/1219","targetHints":{"allow":["GET"]}}],"collection":[{"href":"https:\/\/encontacto.asefemsa.com\/index.php\/wp-json\/wp\/v2\/posts"}],"about":[{"href":"https:\/\/encontacto.asefemsa.com\/index.php\/wp-json\/wp\/v2\/types\/post"}],"author":[{"embeddable":true,"href":"https:\/\/encontacto.asefemsa.com\/index.php\/wp-json\/wp\/v2\/users\/1"}],"replies":[{"embeddable":true,"href":"https:\/\/encontacto.asefemsa.com\/index.php\/wp-json\/wp\/v2\/comments?post=1219"}],"version-history":[{"count":1,"href":"https:\/\/encontacto.asefemsa.com\/index.php\/wp-json\/wp\/v2\/posts\/1219\/revisions"}],"predecessor-version":[{"id":1220,"href":"https:\/\/encontacto.asefemsa.com\/index.php\/wp-json\/wp\/v2\/posts\/1219\/revisions\/1220"}],"wp:featuredmedia":[{"embeddable":true,"href":"https:\/\/encontacto.asefemsa.com\/index.php\/wp-json\/wp\/v2\/media\/1218"}],"wp:attachment":[{"href":"https:\/\/encontacto.asefemsa.com\/index.php\/wp-json\/wp\/v2\/media?parent=1219"}],"wp:term":[{"taxonomy":"category","embeddable":true,"href":"https:\/\/encontacto.asefemsa.com\/index.php\/wp-json\/wp\/v2\/categories?post=1219"},{"taxonomy":"post_tag","embeddable":true,"href":"https:\/\/encontacto.asefemsa.com\/index.php\/wp-json\/wp\/v2\/tags?post=1219"}],"curies":[{"name":"wp","href":"https:\/\/api.w.org\/{rel}","templated":true}]}}