{"id":1239,"date":"2022-08-12T06:18:39","date_gmt":"2022-08-12T12:18:39","guid":{"rendered":"https:\/\/encontacto.asefemsa.com\/?p=1239"},"modified":"2022-08-12T06:24:23","modified_gmt":"2022-08-12T12:24:23","slug":"asociadas-favorecidas-celebremos-dia-de-la-madre","status":"publish","type":"post","link":"https:\/\/encontacto.asefemsa.com\/index.php\/2022\/08\/12\/asociadas-favorecidas-celebremos-dia-de-la-madre\/","title":{"rendered":"Asociadas favorecidas Celebremos D\u00eda de la Madre"},"content":{"rendered":"\n<p><\/p>\n\n\n\n<p><strong>\u00abMaternidad: todo el amor comienza y termina all\u00ed\u00bb<\/strong><\/p>\n\n\n\n<p>Presentamos los nombres de las asociadas favorecidas en la rifa del Programa Celebremos, en conmemoraci\u00f3n del D\u00eda de la Madre.<\/p>\n\n\n\n<p><br><\/p>\n\n\n<div class=\"wp-block-image\">\n<figure class=\"aligncenter size-full\"><img loading=\"lazy\" decoding=\"async\" width=\"477\" height=\"149\" src=\"https:\/\/encontacto.asefemsa.com\/wp-content\/uploads\/2022\/03\/PremiosRifasCelebremos.jpg\" alt=\"\" class=\"wp-image-945\" srcset=\"https:\/\/encontacto.asefemsa.com\/wp-content\/uploads\/2022\/03\/PremiosRifasCelebremos.jpg 477w, https:\/\/encontacto.asefemsa.com\/wp-content\/uploads\/2022\/03\/PremiosRifasCelebremos-300x94.jpg 300w\" sizes=\"auto, (max-width: 477px) 100vw, 477px\" \/><figcaption>10 Premios por <strong>\u00a240 mil <\/strong><br>(Depositados en cuentas registradas de las favorecidas)<\/figcaption><\/figure>\n<\/div>\n\n\n<p><\/p>\n\n\n\n<p class=\"has-text-align-center\"><strong>GANADORES<\/strong><\/p>\n\n\n\n<figure class=\"wp-block-table aligncenter\"><table><tbody><tr><td>Dayanna Villalobos Samudio<\/td><\/tr><tr><td>Mar\u00eda Jimena S\u00e1nchez Gonz\u00e1lez<\/td><\/tr><tr><td>Ericka Castro Hern\u00e1ndez<\/td><\/tr><tr><td>Gabriela Meneses Fonseca<\/td><\/tr><tr><td>Martha Cecilia Romero Suazo<\/td><\/tr><tr><td>Alexandra Adriana Azofeifa Rivera<\/td><\/tr><tr><td>Gloriana Salas Rodr\u00edguez<\/td><\/tr><tr><td>Cinthia Gamboa M\u00e9ndez<\/td><\/tr><tr><td>Karina Agreda Garc\u00eda<\/td><\/tr><tr><td>Jeymmi Johanna Guill\u00e9n Mora<\/td><\/tr><\/tbody><\/table><\/figure>\n\n\n\n<p><\/p>\n\n\n\n<hr class=\"wp-block-separator has-css-opacity\"\/>\n\n\n\n<p><em>La rifa fue supervisada por miembros de Junta Directiva para garantizar la transparencia del proceso.<\/em><\/p>\n\n\n\n<p><\/p>\n\n\n\n<p><\/p>\n\n\n\n<p>&#8212;<\/p>\n\n\n\n<p><\/p>\n\n\n\n<p><mark style=\"background-color:rgba(0, 0, 0, 0);color:#fbfbfb\" class=\"has-inline-color\">a<\/mark><\/p>\n","protected":false},"excerpt":{"rendered":"<p>Presentamos los nombres de las asociadas favorecidas en la rifa del Programa Celebremos, en conmemoraci\u00f3n del D\u00eda de la Madre.<\/p>\n<a href=\"https:\/\/encontacto.asefemsa.com\/index.php\/2022\/08\/12\/asociadas-favorecidas-celebremos-dia-de-la-madre\/\" class=\"more-link\">Leer m\u00e1s<\/a>","protected":false},"author":1,"featured_media":1241,"comment_status":"open","ping_status":"open","sticky":false,"template":"","format":"standard","meta":{"footnotes":""},"categories":[7],"tags":[11,51],"class_list":["post-1239","post","type-post","status-publish","format-standard","has-post-thumbnail","hentry","category-conmemoremos","tag-asefemsa","tag-celebremos","col-xs-12"],"_links":{"self":[{"href":"https:\/\/encontacto.asefemsa.com\/index.php\/wp-json\/wp\/v2\/posts\/1239","targetHints":{"allow":["GET"]}}],"collection":[{"href":"https:\/\/encontacto.asefemsa.com\/index.php\/wp-json\/wp\/v2\/posts"}],"about":[{"href":"https:\/\/encontacto.asefemsa.com\/index.php\/wp-json\/wp\/v2\/types\/post"}],"author":[{"embeddable":true,"href":"https:\/\/encontacto.asefemsa.com\/index.php\/wp-json\/wp\/v2\/users\/1"}],"replies":[{"embeddable":true,"href":"https:\/\/encontacto.asefemsa.com\/index.php\/wp-json\/wp\/v2\/comments?post=1239"}],"version-history":[{"count":2,"href":"https:\/\/encontacto.asefemsa.com\/index.php\/wp-json\/wp\/v2\/posts\/1239\/revisions"}],"predecessor-version":[{"id":1242,"href":"https:\/\/encontacto.asefemsa.com\/index.php\/wp-json\/wp\/v2\/posts\/1239\/revisions\/1242"}],"wp:featuredmedia":[{"embeddable":true,"href":"https:\/\/encontacto.asefemsa.com\/index.php\/wp-json\/wp\/v2\/media\/1241"}],"wp:attachment":[{"href":"https:\/\/encontacto.asefemsa.com\/index.php\/wp-json\/wp\/v2\/media?parent=1239"}],"wp:term":[{"taxonomy":"category","embeddable":true,"href":"https:\/\/encontacto.asefemsa.com\/index.php\/wp-json\/wp\/v2\/categories?post=1239"},{"taxonomy":"post_tag","embeddable":true,"href":"https:\/\/encontacto.asefemsa.com\/index.php\/wp-json\/wp\/v2\/tags?post=1239"}],"curies":[{"name":"wp","href":"https:\/\/api.w.org\/{rel}","templated":true}]}}