{"id":1264,"date":"2022-08-29T09:17:46","date_gmt":"2022-08-29T15:17:46","guid":{"rendered":"https:\/\/encontacto.asefemsa.com\/?p=1264"},"modified":"2022-08-29T09:37:41","modified_gmt":"2022-08-29T15:37:41","slug":"31-agosto-cierre-de-oficinas-ante-cambio-de-medidores-anunciado-por-fuerza-y-luz","status":"publish","type":"post","link":"https:\/\/encontacto.asefemsa.com\/index.php\/2022\/08\/29\/31-agosto-cierre-de-oficinas-ante-cambio-de-medidores-anunciado-por-fuerza-y-luz\/","title":{"rendered":"31 Agosto &#8211; Cierre de Oficinas ante cambio de medidores anunciado por Fuerza y Luz"},"content":{"rendered":"\n<p class=\"has-text-color\" style=\"color:#040404\">La Compa\u00f1\u00eda Nacional de Fuerza y Luz (CNFL) comunic\u00f3 que el <strong>mi\u00e9rcoles 31 de agosto 2022<\/strong> tiene programado <strong>cambio de medidores<\/strong> en nuestra zona (Calle Blancos) por lo que <strong>interrumpir\u00e1n el servicio el\u00e9ctrico<\/strong>.<br><br><em>Por tal motivo rogamos a las personas asociadas considerar esta situaci\u00f3n al momento de requerir nuestros servicios.<\/em><\/p>\n\n\n\n<p class=\"has-text-color\" style=\"color:#040404\"><br><strong>OFICINA DE SERVICIO EN PUESTO 1: <\/strong>ABIERTAS<br><br><strong>PARQUEO: <\/strong>El parqueo funcionar\u00e1 en su horario habitual, con ingreso manual (sin tarjeta).<br><br><strong>OFICINAS ADMINISTRATIVAS: <\/strong>CERRADAS<br><br><strong>CL\u00cdNICA DENTAL: <\/strong>CERRADA<br><br><strong>TIENDA COCA-COLA:<\/strong> CERRADA<br><\/p>\n\n\n\n<p><br>Realice tr\u00e1mites y consultas por los siguientes canales:<br>Correos: <a href=\"mailto:tcrnancy.zamora@kof.com.mx\" data-type=\"mailto\" data-id=\"mailto:tcrnancy.zamora@kof.com.mx\">tcrnancy.zamora@kof.com.mx<\/a>  \/  <a rel=\"noreferrer noopener\" href=\"mailto:tcrmarianela.alpizar@kof.com.mx\" target=\"_blank\">tcrmarianela.alpizar@kof.com.mx<\/a> <br><\/p>\n\n\n\n<div class=\"wp-block-columns is-layout-flex wp-container-core-columns-is-layout-9d6595d7 wp-block-columns-is-layout-flex\">\n<div class=\"wp-block-column is-layout-flow wp-block-column-is-layout-flow\"><div class=\"wp-block-image\">\n<figure class=\"aligncenter size-full\"><img loading=\"lazy\" decoding=\"async\" width=\"230\" height=\"104\" src=\"https:\/\/encontacto.asefemsa.com\/wp-content\/uploads\/2022\/08\/GEL-1.png\" alt=\"\" class=\"wp-image-1266\"\/><figcaption><a href=\"https:\/\/gestionenlinea.asefemsa.com\/Paginas\/Portada\/LogIn.aspx\" target=\"_blank\" rel=\"noreferrer noopener\">INGRESAR<\/a><\/figcaption><\/figure>\n<\/div><\/div>\n\n\n\n<div class=\"wp-block-column is-layout-flow wp-block-column-is-layout-flow\"><div class=\"wp-block-image\">\n<figure class=\"aligncenter size-full\"><img loading=\"lazy\" decoding=\"async\" width=\"233\" height=\"77\" src=\"https:\/\/encontacto.asefemsa.com\/wp-content\/uploads\/2022\/05\/Imagen-5-1.png\" alt=\"\" class=\"wp-image-1028\"\/><figcaption><a rel=\"noreferrer noopener\" href=\"https:\/\/play.google.com\/store\/apps\/details?id=com.quarzo.asefemsa&amp;hl=en\" data-type=\"URL\" data-id=\"https:\/\/play.google.com\/store\/apps\/details?id=com.quarzo.asefemsa&amp;hl=en\" target=\"_blank\">ASEFEMSA<\/a><\/figcaption><\/figure>\n<\/div><\/div>\n\n\n\n<div class=\"wp-block-column is-layout-flow wp-block-column-is-layout-flow\"><div class=\"wp-block-image\">\n<figure class=\"aligncenter size-full\"><img loading=\"lazy\" decoding=\"async\" width=\"237\" height=\"78\" src=\"https:\/\/encontacto.asefemsa.com\/wp-content\/uploads\/2022\/05\/Imagen-6-1.png\" alt=\"\" class=\"wp-image-1029\"\/><figcaption><a rel=\"noreferrer noopener\" href=\"https:\/\/apps.apple.com\/us\/app\/asom%C3%B3vil\/id1171840113\" target=\"_blank\">ASOM\u00d3VIL<\/a><\/figcaption><\/figure>\n<\/div><\/div>\n<\/div>\n\n\n\n<p><\/p>\n\n\n\n<p><\/p>\n\n\n\n<hr class=\"wp-block-separator has-css-opacity\"\/>\n","protected":false},"excerpt":{"rendered":"<p>La Compa\u00f1\u00eda Nacional de Fuerza y Luz (CNFL) comunic\u00f3 que el mi\u00e9rcoles 31 de agosto 2022 tiene programado cambio de medidores en nuestra zona (Calle Blancos) por lo que interrumpir\u00e1n el servicio el\u00e9ctrico.<\/p>\n<a href=\"https:\/\/encontacto.asefemsa.com\/index.php\/2022\/08\/29\/31-agosto-cierre-de-oficinas-ante-cambio-de-medidores-anunciado-por-fuerza-y-luz\/\" class=\"more-link\">Leer m\u00e1s<\/a>","protected":false},"author":1,"featured_media":1270,"comment_status":"open","ping_status":"open","sticky":false,"template":"","format":"standard","meta":{"footnotes":""},"categories":[52],"tags":[],"class_list":["post-1264","post","type-post","status-publish","format-standard","has-post-thumbnail","hentry","category-servicio","col-xs-12"],"_links":{"self":[{"href":"https:\/\/encontacto.asefemsa.com\/index.php\/wp-json\/wp\/v2\/posts\/1264","targetHints":{"allow":["GET"]}}],"collection":[{"href":"https:\/\/encontacto.asefemsa.com\/index.php\/wp-json\/wp\/v2\/posts"}],"about":[{"href":"https:\/\/encontacto.asefemsa.com\/index.php\/wp-json\/wp\/v2\/types\/post"}],"author":[{"embeddable":true,"href":"https:\/\/encontacto.asefemsa.com\/index.php\/wp-json\/wp\/v2\/users\/1"}],"replies":[{"embeddable":true,"href":"https:\/\/encontacto.asefemsa.com\/index.php\/wp-json\/wp\/v2\/comments?post=1264"}],"version-history":[{"count":2,"href":"https:\/\/encontacto.asefemsa.com\/index.php\/wp-json\/wp\/v2\/posts\/1264\/revisions"}],"predecessor-version":[{"id":1269,"href":"https:\/\/encontacto.asefemsa.com\/index.php\/wp-json\/wp\/v2\/posts\/1264\/revisions\/1269"}],"wp:featuredmedia":[{"embeddable":true,"href":"https:\/\/encontacto.asefemsa.com\/index.php\/wp-json\/wp\/v2\/media\/1270"}],"wp:attachment":[{"href":"https:\/\/encontacto.asefemsa.com\/index.php\/wp-json\/wp\/v2\/media?parent=1264"}],"wp:term":[{"taxonomy":"category","embeddable":true,"href":"https:\/\/encontacto.asefemsa.com\/index.php\/wp-json\/wp\/v2\/categories?post=1264"},{"taxonomy":"post_tag","embeddable":true,"href":"https:\/\/encontacto.asefemsa.com\/index.php\/wp-json\/wp\/v2\/tags?post=1264"}],"curies":[{"name":"wp","href":"https:\/\/api.w.org\/{rel}","templated":true}]}}