{"id":1583,"date":"2023-01-24T12:35:20","date_gmt":"2023-01-24T18:35:20","guid":{"rendered":"https:\/\/encontacto.asefemsa.com\/?p=1583"},"modified":"2023-01-25T14:02:24","modified_gmt":"2023-01-25T20:02:24","slug":"tribunal-electoral-conozca-las-papeletas-inscritas-para-puestos-vacantes-de-junta-directiva","status":"publish","type":"post","link":"https:\/\/encontacto.asefemsa.com\/index.php\/2023\/01\/24\/tribunal-electoral-conozca-las-papeletas-inscritas-para-puestos-vacantes-de-junta-directiva\/","title":{"rendered":"Tribunal Electoral: Conozca las papeletas inscritas para puestos vacantes de Junta Directiva"},"content":{"rendered":"\n<p>El Tribunal Electoral de ASEFEMSA comunica las papeletas inscritas para los puestos vacantes de Junta Directiva. La elecci\u00f3n se realizar\u00e1 durante la Asamblea General del domingo 29 de enero 2023.<\/p>\n\n\n<div class=\"wp-block-image\">\n<figure class=\"aligncenter size-full is-resized\"><img loading=\"lazy\" decoding=\"async\" src=\"https:\/\/encontacto.asefemsa.com\/wp-content\/uploads\/2023\/01\/Papeletas.png\" alt=\"\" class=\"wp-image-1608\" width=\"782\" height=\"563\" srcset=\"https:\/\/encontacto.asefemsa.com\/wp-content\/uploads\/2023\/01\/Papeletas.png 705w, https:\/\/encontacto.asefemsa.com\/wp-content\/uploads\/2023\/01\/Papeletas-300x216.png 300w, https:\/\/encontacto.asefemsa.com\/wp-content\/uploads\/2023\/01\/Papeletas-694x500.png 694w\" sizes=\"auto, (max-width: 782px) 100vw, 782px\" \/><figcaption class=\"wp-element-caption\"><br><\/figcaption><\/figure>\n<\/div>\n\n\n<div class=\"wp-block-columns is-layout-flex wp-container-core-columns-is-layout-9d6595d7 wp-block-columns-is-layout-flex\">\n<div class=\"wp-block-column is-layout-flow wp-block-column-is-layout-flow\">\n<figure class=\"wp-block-table\"><table><tbody><tr><td class=\"has-text-align-center\" data-align=\"center\">Papeleta No. 1 <\/td><td class=\"has-text-align-center\" data-align=\"center\">(Alianza)<\/td><\/tr><tr><td class=\"has-text-align-center\" data-align=\"center\"><strong>Presidencia<\/strong><\/td><td class=\"has-text-align-center\" data-align=\"center\"><img loading=\"lazy\" decoding=\"async\" width=\"130\" height=\"130\" class=\"wp-image-1589\" style=\"width: 130px;\" src=\"https:\/\/encontacto.asefemsa.com\/wp-content\/uploads\/2023\/01\/Richard.png\" alt=\"\" srcset=\"https:\/\/encontacto.asefemsa.com\/wp-content\/uploads\/2023\/01\/Richard.png 150w, https:\/\/encontacto.asefemsa.com\/wp-content\/uploads\/2023\/01\/Richard-120x120.png 120w\" sizes=\"auto, (max-width: 130px) 100vw, 130px\" \/><br>Richard Madrigal Elizondo<br><em>Protecci\u00f3n Integral<\/em><\/td><\/tr><tr><td class=\"has-text-align-center\" data-align=\"center\"><strong>Secretar\u00eda<\/strong><\/td><td class=\"has-text-align-center\" data-align=\"center\"><img loading=\"lazy\" decoding=\"async\" width=\"130\" height=\"130\" class=\"wp-image-1590\" style=\"width: 130px;\" src=\"https:\/\/encontacto.asefemsa.com\/wp-content\/uploads\/2023\/01\/Fabiola.png\" alt=\"\" srcset=\"https:\/\/encontacto.asefemsa.com\/wp-content\/uploads\/2023\/01\/Fabiola.png 150w, https:\/\/encontacto.asefemsa.com\/wp-content\/uploads\/2023\/01\/Fabiola-120x120.png 120w\" sizes=\"auto, (max-width: 130px) 100vw, 130px\" \/><br>Fabiola Prat Jim\u00e9nez<br><em>Ejecutiva de Planeaci\u00f3n Fiscal CA<\/em><\/td><\/tr><tr><td class=\"has-text-align-center\" data-align=\"center\"><strong>Vocal\u00eda I<\/strong><\/td><td class=\"has-text-align-center\" data-align=\"center\"><img loading=\"lazy\" decoding=\"async\" width=\"130\" height=\"130\" class=\"wp-image-1591\" style=\"width: 130px;\" src=\"https:\/\/encontacto.asefemsa.com\/wp-content\/uploads\/2023\/01\/JoseDavid.png\" alt=\"\" srcset=\"https:\/\/encontacto.asefemsa.com\/wp-content\/uploads\/2023\/01\/JoseDavid.png 150w, https:\/\/encontacto.asefemsa.com\/wp-content\/uploads\/2023\/01\/JoseDavid-120x120.png 120w\" sizes=\"auto, (max-width: 130px) 100vw, 130px\" \/><br>Jose David Badilla Alvarado<br><em>Gesti\u00f3n de Riesgo S4H<\/em><\/td><\/tr><tr><td class=\"has-text-align-center\" data-align=\"center\"><strong>Vocal\u00eda II<\/strong><\/td><td class=\"has-text-align-center\" data-align=\"center\"><img loading=\"lazy\" decoding=\"async\" width=\"130\" height=\"130\" class=\"wp-image-1592\" style=\"width: 130px;\" src=\"https:\/\/encontacto.asefemsa.com\/wp-content\/uploads\/2023\/01\/Allan.png\" alt=\"\" srcset=\"https:\/\/encontacto.asefemsa.com\/wp-content\/uploads\/2023\/01\/Allan.png 150w, https:\/\/encontacto.asefemsa.com\/wp-content\/uploads\/2023\/01\/Allan-120x120.png 120w\" sizes=\"auto, (max-width: 130px) 100vw, 130px\" \/><br>Allan Meza S\u00e1nchez<br><em>Auditor de Calidad Operaciones<\/em><\/td><\/tr><tr><td class=\"has-text-align-center\" data-align=\"center\"><strong>Fiscal\u00eda Titular<\/strong><\/td><td class=\"has-text-align-center\" data-align=\"center\"><img loading=\"lazy\" decoding=\"async\" width=\"130\" height=\"130\" class=\"wp-image-1593\" style=\"width: 130px;\" src=\"https:\/\/encontacto.asefemsa.com\/wp-content\/uploads\/2023\/01\/Andrea.png\" alt=\"\" srcset=\"https:\/\/encontacto.asefemsa.com\/wp-content\/uploads\/2023\/01\/Andrea.png 150w, https:\/\/encontacto.asefemsa.com\/wp-content\/uploads\/2023\/01\/Andrea-120x120.png 120w\" sizes=\"auto, (max-width: 130px) 100vw, 130px\" \/><br>Andrea Sanabria Berrocal<br><em>Coordinadora Log\u00edstica<\/em><\/td><\/tr><tr><td class=\"has-text-align-center\" data-align=\"center\"><strong>Fiscal\u00eda Suplente<\/strong><\/td><td class=\"has-text-align-center\" data-align=\"center\"><img loading=\"lazy\" decoding=\"async\" width=\"130\" height=\"130\" class=\"wp-image-1594\" style=\"width: 130px;\" src=\"https:\/\/encontacto.asefemsa.com\/wp-content\/uploads\/2023\/01\/Fredddy.png\" alt=\"\" srcset=\"https:\/\/encontacto.asefemsa.com\/wp-content\/uploads\/2023\/01\/Fredddy.png 150w, https:\/\/encontacto.asefemsa.com\/wp-content\/uploads\/2023\/01\/Fredddy-120x120.png 120w\" sizes=\"auto, (max-width: 130px) 100vw, 130px\" \/><br>Freddy Silva Silva<br><em>Supervisor Operaciones<\/em><\/td><\/tr><\/tbody><\/table><\/figure>\n<\/div>\n\n\n\n<div class=\"wp-block-column is-layout-flow wp-block-column-is-layout-flow\">\n<figure class=\"wp-block-table\"><table><tbody><tr><td class=\"has-text-align-center\" data-align=\"center\">Papeleta No. 2 <\/td><td class=\"has-text-align-center\" data-align=\"center\">(AseFemsa 47)<\/td><\/tr><tr><td class=\"has-text-align-center\" data-align=\"center\"><strong>Presidencia<\/strong><\/td><td class=\"has-text-align-center\" data-align=\"center\"><img loading=\"lazy\" decoding=\"async\" width=\"130\" height=\"130\" class=\"wp-image-1596\" style=\"width: 130px;\" src=\"https:\/\/encontacto.asefemsa.com\/wp-content\/uploads\/2023\/01\/Karol.png\" alt=\"\" srcset=\"https:\/\/encontacto.asefemsa.com\/wp-content\/uploads\/2023\/01\/Karol.png 150w, https:\/\/encontacto.asefemsa.com\/wp-content\/uploads\/2023\/01\/Karol-120x120.png 120w\" sizes=\"auto, (max-width: 130px) 100vw, 130px\" \/><br>Karol Rodr\u00edguez Calvo<br><em>Abastecimientos<\/em><\/td><\/tr><tr><td class=\"has-text-align-center\" data-align=\"center\"><strong>Secretar\u00eda<\/strong><\/td><td class=\"has-text-align-center\" data-align=\"center\"><img loading=\"lazy\" decoding=\"async\" width=\"130\" height=\"130\" class=\"wp-image-1598\" style=\"width: 130px;\" src=\"https:\/\/encontacto.asefemsa.com\/wp-content\/uploads\/2023\/01\/LuisDaniel.png\" alt=\"\" srcset=\"https:\/\/encontacto.asefemsa.com\/wp-content\/uploads\/2023\/01\/LuisDaniel.png 150w, https:\/\/encontacto.asefemsa.com\/wp-content\/uploads\/2023\/01\/LuisDaniel-120x120.png 120w\" sizes=\"auto, (max-width: 130px) 100vw, 130px\" \/><br>Luis Daniel Solano Castillo<br><em>Recursos Humanos<\/em><\/td><\/tr><tr><td class=\"has-text-align-center\" data-align=\"center\"><strong>Vocal\u00eda I<\/strong><\/td><td class=\"has-text-align-center\" data-align=\"center\"><img loading=\"lazy\" decoding=\"async\" width=\"130\" height=\"130\" class=\"wp-image-1599\" style=\"width: 130px;\" src=\"https:\/\/encontacto.asefemsa.com\/wp-content\/uploads\/2023\/01\/JuanGabriel.png\" alt=\"\" srcset=\"https:\/\/encontacto.asefemsa.com\/wp-content\/uploads\/2023\/01\/JuanGabriel.png 150w, https:\/\/encontacto.asefemsa.com\/wp-content\/uploads\/2023\/01\/JuanGabriel-120x120.png 120w\" sizes=\"auto, (max-width: 130px) 100vw, 130px\" \/><br>Juan Gabriel Brenes Bolivar<br><em>Manufactura<\/em><\/td><\/tr><tr><td class=\"has-text-align-center\" data-align=\"center\"><strong>Vocal\u00eda II<\/strong><\/td><td class=\"has-text-align-center\" data-align=\"center\"><img loading=\"lazy\" decoding=\"async\" width=\"130\" height=\"130\" class=\"wp-image-1600\" style=\"width: 130px;\" src=\"https:\/\/encontacto.asefemsa.com\/wp-content\/uploads\/2023\/01\/Kimberly.png\" alt=\"\" srcset=\"https:\/\/encontacto.asefemsa.com\/wp-content\/uploads\/2023\/01\/Kimberly.png 150w, https:\/\/encontacto.asefemsa.com\/wp-content\/uploads\/2023\/01\/Kimberly-120x120.png 120w\" sizes=\"auto, (max-width: 130px) 100vw, 130px\" \/><br>Kimberly Santamar\u00eda Ure\u00f1a<br><em>Adm. y Finanzas<\/em><\/td><\/tr><tr><td class=\"has-text-align-center\" data-align=\"center\"><strong>Fiscal\u00eda Titular<\/strong><\/td><td class=\"has-text-align-center\" data-align=\"center\"><img loading=\"lazy\" decoding=\"async\" width=\"130\" height=\"130\" class=\"wp-image-1601\" style=\"width: 130px;\" src=\"https:\/\/encontacto.asefemsa.com\/wp-content\/uploads\/2023\/01\/Cinthya.png\" alt=\"\" srcset=\"https:\/\/encontacto.asefemsa.com\/wp-content\/uploads\/2023\/01\/Cinthya.png 150w, https:\/\/encontacto.asefemsa.com\/wp-content\/uploads\/2023\/01\/Cinthya-120x120.png 120w\" sizes=\"auto, (max-width: 130px) 100vw, 130px\" \/><br>Cinthya L\u00f3pez Guti\u00e9rrez<br><em>Abastecimientos<\/em><\/td><\/tr><tr><td class=\"has-text-align-center\" data-align=\"center\"><strong>Fiscal\u00eda Suplente<\/strong><\/td><td class=\"has-text-align-center\" data-align=\"center\"><img loading=\"lazy\" decoding=\"async\" width=\"130\" height=\"130\" class=\"wp-image-1602\" style=\"width: 130px;\" src=\"https:\/\/encontacto.asefemsa.com\/wp-content\/uploads\/2023\/01\/Ronald.png\" alt=\"\" srcset=\"https:\/\/encontacto.asefemsa.com\/wp-content\/uploads\/2023\/01\/Ronald.png 150w, https:\/\/encontacto.asefemsa.com\/wp-content\/uploads\/2023\/01\/Ronald-120x120.png 120w\" sizes=\"auto, (max-width: 130px) 100vw, 130px\" \/><br>Ronald Hidalgo Porras<br><em>Mantenimiento<\/em><\/td><\/tr><\/tbody><\/table><\/figure>\n<\/div>\n<\/div>\n\n\n\n<p><br>El Comit\u00e9 Electoral abri\u00f3 el proceso para recibir inscripciones a los puestos vacantes de Junta Directiva, hasta el d\u00eda 20 de enero 2023.<\/p>\n\n\n\n<p>La elecci\u00f3n se realizar\u00e1 durante la Asamblea General Ordinaria, a realizarse el pr\u00f3ximo domingo 29 de enero 2023 (de forma virtual).<\/p>\n\n\n\n<p>La primera convocatoria es a las 8 a.m. <\/p>\n\n\n\n<p class=\"has-medium-font-size\"><a href=\"https:\/\/encontacto.asefemsa.com\/index.php\/2022\/12\/29\/convocatoria-asamblea-anual-ordinaria-y-extraordinaria-2023\/\" target=\"_blank\" rel=\"noreferrer noopener\">M\u00e1s informaci\u00f3n sobre la Asamblea <strong>AQU\u00cd<\/strong><\/a><\/p>\n\n\n\n<p><\/p>\n\n\n\n<p><br><br><\/p>\n\n\n\n<p>&#8212;<\/p>\n","protected":false},"excerpt":{"rendered":"<p>El Tribunal Electoral de ASEFEMSA comunica las papeletas inscritas para los puestos vacantes de Junta Directiva. La elecci\u00f3n se realizar\u00e1 durante la Asamblea General del domingo 29 de enero 2023.<\/p>\n<a href=\"https:\/\/encontacto.asefemsa.com\/index.php\/2023\/01\/24\/tribunal-electoral-conozca-las-papeletas-inscritas-para-puestos-vacantes-de-junta-directiva\/\" class=\"more-link\">Leer m\u00e1s<\/a>","protected":false},"author":1,"featured_media":1604,"comment_status":"open","ping_status":"open","sticky":false,"template":"","format":"standard","meta":{"footnotes":""},"categories":[75],"tags":[],"class_list":["post-1583","post","type-post","status-publish","format-standard","has-post-thumbnail","hentry","category-asamblea","col-xs-12"],"_links":{"self":[{"href":"https:\/\/encontacto.asefemsa.com\/index.php\/wp-json\/wp\/v2\/posts\/1583","targetHints":{"allow":["GET"]}}],"collection":[{"href":"https:\/\/encontacto.asefemsa.com\/index.php\/wp-json\/wp\/v2\/posts"}],"about":[{"href":"https:\/\/encontacto.asefemsa.com\/index.php\/wp-json\/wp\/v2\/types\/post"}],"author":[{"embeddable":true,"href":"https:\/\/encontacto.asefemsa.com\/index.php\/wp-json\/wp\/v2\/users\/1"}],"replies":[{"embeddable":true,"href":"https:\/\/encontacto.asefemsa.com\/index.php\/wp-json\/wp\/v2\/comments?post=1583"}],"version-history":[{"count":8,"href":"https:\/\/encontacto.asefemsa.com\/index.php\/wp-json\/wp\/v2\/posts\/1583\/revisions"}],"predecessor-version":[{"id":1611,"href":"https:\/\/encontacto.asefemsa.com\/index.php\/wp-json\/wp\/v2\/posts\/1583\/revisions\/1611"}],"wp:featuredmedia":[{"embeddable":true,"href":"https:\/\/encontacto.asefemsa.com\/index.php\/wp-json\/wp\/v2\/media\/1604"}],"wp:attachment":[{"href":"https:\/\/encontacto.asefemsa.com\/index.php\/wp-json\/wp\/v2\/media?parent=1583"}],"wp:term":[{"taxonomy":"category","embeddable":true,"href":"https:\/\/encontacto.asefemsa.com\/index.php\/wp-json\/wp\/v2\/categories?post=1583"},{"taxonomy":"post_tag","embeddable":true,"href":"https:\/\/encontacto.asefemsa.com\/index.php\/wp-json\/wp\/v2\/tags?post=1583"}],"curies":[{"name":"wp","href":"https:\/\/api.w.org\/{rel}","templated":true}]}}