{"id":2970,"date":"2025-01-07T15:51:36","date_gmt":"2025-01-07T21:51:36","guid":{"rendered":"https:\/\/encontacto.asefemsa.com\/?p=2970"},"modified":"2025-01-21T16:19:49","modified_gmt":"2025-01-21T22:19:49","slug":"inscripciones-puestos-vacantes-de-junta-directiva-y-fiscalia-2025","status":"publish","type":"post","link":"https:\/\/encontacto.asefemsa.com\/index.php\/2025\/01\/07\/inscripciones-puestos-vacantes-de-junta-directiva-y-fiscalia-2025\/","title":{"rendered":"Inscripciones puestos vacantes de Junta Directiva y Fiscal\u00eda 2025"},"content":{"rendered":"\n<figure class=\"wp-block-image size-large\"><img loading=\"lazy\" decoding=\"async\" width=\"1024\" height=\"227\" src=\"https:\/\/encontacto.asefemsa.com\/wp-content\/uploads\/2025\/01\/cintillo-asamblea-2025-1024x227.png\" alt=\"\" class=\"wp-image-2973\" srcset=\"https:\/\/encontacto.asefemsa.com\/wp-content\/uploads\/2025\/01\/cintillo-asamblea-2025-1024x227.png 1024w, https:\/\/encontacto.asefemsa.com\/wp-content\/uploads\/2025\/01\/cintillo-asamblea-2025-300x67.png 300w, https:\/\/encontacto.asefemsa.com\/wp-content\/uploads\/2025\/01\/cintillo-asamblea-2025-768x171.png 768w, https:\/\/encontacto.asefemsa.com\/wp-content\/uploads\/2025\/01\/cintillo-asamblea-2025-750x167.png 750w, https:\/\/encontacto.asefemsa.com\/wp-content\/uploads\/2025\/01\/cintillo-asamblea-2025-1000x222.png 1000w, https:\/\/encontacto.asefemsa.com\/wp-content\/uploads\/2025\/01\/cintillo-asamblea-2025.png 1081w\" sizes=\"auto, (max-width: 1024px) 100vw, 1024px\" \/><\/figure>\n\n\n\n<figure class=\"wp-block-image size-large\"><a href=\"https:\/\/es.surveymonkey.com\/r\/inscripcionpuestosjuntadirectiva2025\" target=\"_blank\" rel=\" noreferrer noopener\"><img loading=\"lazy\" decoding=\"async\" width=\"1024\" height=\"923\" src=\"https:\/\/encontacto.asefemsa.com\/wp-content\/uploads\/2025\/01\/Inscripciones-puestos-vacantes-JD-Asefemsa-blog-1024x923.png\" alt=\"\" class=\"wp-image-2972\" srcset=\"https:\/\/encontacto.asefemsa.com\/wp-content\/uploads\/2025\/01\/Inscripciones-puestos-vacantes-JD-Asefemsa-blog-1024x923.png 1024w, https:\/\/encontacto.asefemsa.com\/wp-content\/uploads\/2025\/01\/Inscripciones-puestos-vacantes-JD-Asefemsa-blog-300x271.png 300w, https:\/\/encontacto.asefemsa.com\/wp-content\/uploads\/2025\/01\/Inscripciones-puestos-vacantes-JD-Asefemsa-blog-768x693.png 768w, https:\/\/encontacto.asefemsa.com\/wp-content\/uploads\/2025\/01\/Inscripciones-puestos-vacantes-JD-Asefemsa-blog-750x676.png 750w, https:\/\/encontacto.asefemsa.com\/wp-content\/uploads\/2025\/01\/Inscripciones-puestos-vacantes-JD-Asefemsa-blog-554x500.png 554w, https:\/\/encontacto.asefemsa.com\/wp-content\/uploads\/2025\/01\/Inscripciones-puestos-vacantes-JD-Asefemsa-blog.png 1080w\" sizes=\"auto, (max-width: 1024px) 100vw, 1024px\" \/><\/a><\/figure>\n\n\n\n<p><a href=\"https:\/\/es.surveymonkey.com\/r\/inscripcionpuestosjuntadirectiva2025\">https:\/\/es.surveymonkey.com\/r\/inscripcionpuestosjuntadirectiva2025<\/a><\/p>\n\n\n\n<div style=\"height:100px\" aria-hidden=\"true\" class=\"wp-block-spacer\"><\/div>\n\n\n\n<p>&#8212;<\/p>\n\n\n\n<p><\/p>\n","protected":false},"excerpt":{"rendered":"<p>El Comit\u00e9 Electoral recibir\u00e1 candidaturas hasta el 17 enero 2025 para renovar los puestos vacantes en la Junta Directiva y Fiscal\u00eda<\/p>\n<a href=\"https:\/\/encontacto.asefemsa.com\/index.php\/2025\/01\/07\/inscripciones-puestos-vacantes-de-junta-directiva-y-fiscalia-2025\/\" class=\"more-link\">Leer m\u00e1s<\/a>","protected":false},"author":3,"featured_media":2971,"comment_status":"open","ping_status":"open","sticky":false,"template":"","format":"standard","meta":{"footnotes":""},"categories":[75],"tags":[],"class_list":["post-2970","post","type-post","status-publish","format-standard","has-post-thumbnail","hentry","category-asamblea","col-xs-12"],"_links":{"self":[{"href":"https:\/\/encontacto.asefemsa.com\/index.php\/wp-json\/wp\/v2\/posts\/2970","targetHints":{"allow":["GET"]}}],"collection":[{"href":"https:\/\/encontacto.asefemsa.com\/index.php\/wp-json\/wp\/v2\/posts"}],"about":[{"href":"https:\/\/encontacto.asefemsa.com\/index.php\/wp-json\/wp\/v2\/types\/post"}],"author":[{"embeddable":true,"href":"https:\/\/encontacto.asefemsa.com\/index.php\/wp-json\/wp\/v2\/users\/3"}],"replies":[{"embeddable":true,"href":"https:\/\/encontacto.asefemsa.com\/index.php\/wp-json\/wp\/v2\/comments?post=2970"}],"version-history":[{"count":1,"href":"https:\/\/encontacto.asefemsa.com\/index.php\/wp-json\/wp\/v2\/posts\/2970\/revisions"}],"predecessor-version":[{"id":2974,"href":"https:\/\/encontacto.asefemsa.com\/index.php\/wp-json\/wp\/v2\/posts\/2970\/revisions\/2974"}],"wp:featuredmedia":[{"embeddable":true,"href":"https:\/\/encontacto.asefemsa.com\/index.php\/wp-json\/wp\/v2\/media\/2971"}],"wp:attachment":[{"href":"https:\/\/encontacto.asefemsa.com\/index.php\/wp-json\/wp\/v2\/media?parent=2970"}],"wp:term":[{"taxonomy":"category","embeddable":true,"href":"https:\/\/encontacto.asefemsa.com\/index.php\/wp-json\/wp\/v2\/categories?post=2970"},{"taxonomy":"post_tag","embeddable":true,"href":"https:\/\/encontacto.asefemsa.com\/index.php\/wp-json\/wp\/v2\/tags?post=2970"}],"curies":[{"name":"wp","href":"https:\/\/api.w.org\/{rel}","templated":true}]}}