{"id":318,"date":"2021-07-09T07:43:42","date_gmt":"2021-07-09T13:43:42","guid":{"rendered":"https:\/\/encontacto.asefemsa.com\/?p=318"},"modified":"2021-07-30T11:39:03","modified_gmt":"2021-07-30T17:39:03","slug":"medidas-de-apoyo-para-nuestros-asociados","status":"publish","type":"post","link":"https:\/\/encontacto.asefemsa.com\/index.php\/2021\/07\/09\/medidas-de-apoyo-para-nuestros-asociados\/","title":{"rendered":"Medidas de apoyo para nuestros asociados"},"content":{"rendered":"\n<p>Gracias a un acuerdo del Comit\u00e9 Financiero de ASEFEMSA los asociados contar\u00e1n con dos medidas de apoyo para equilibrar sus ingresos (en caso de afectaci\u00f3n por temas de pandemia).<br><br><strong>Retiro de Ahorros:<\/strong><br>Desde ahora y hasta el 15 de setiembre 2021, los asociados que lo requieran podr\u00e1n retirar sus ahorros (Navide\u00f1o y Escolar) sin cargos por retiro anticipado.<br><br>Forma de solicitar el ahorro Navide\u00f1o \/ Escolar:<br>Por medio de <a rel=\"noreferrer noopener\" href=\"http:\/\/gestionenlinea.asefemsa.com\/paginas\/portada\/inicio.aspx\" target=\"_blank\">Gesti\u00f3n en L\u00ednea<\/a><br>En la app: <a rel=\"noreferrer noopener\" href=\"https:\/\/play.google.com\/store\/apps\/details?id=com.quarzo.asefemsa&amp;hl=en\" target=\"_blank\">ASEFEMSA<\/a> en Google Play y <a rel=\"noreferrer noopener\" href=\"https:\/\/apps.apple.com\/us\/app\/asom%C3%B3vil\/id1171840113\" target=\"_blank\">ASOM\u00d3VIL<\/a> en App Store<br>Correo electr\u00f3nico: <a href=\"mailto:tcrnancy.zamora@kof.com.mx\">tcrnancy.zamora@kof.com.mx<\/a>&nbsp;\/&nbsp;<a rel=\"noreferrer noopener\" href=\"mailto:tcrmarianela.alpizar@kof.com.mx\" target=\"_blank\">tcrmarianela.alpizar@kof.com.mx<\/a><\/p>\n\n\n\n<hr class=\"wp-block-separator\"\/>\n\n\n\n<figure class=\"wp-block-image size-large\"><img loading=\"lazy\" decoding=\"async\" width=\"1024\" height=\"234\" src=\"https:\/\/encontacto.asefemsa.com\/wp-content\/uploads\/2021\/07\/bannerViveres-1-1024x234.png\" alt=\"\" class=\"wp-image-350\" srcset=\"https:\/\/encontacto.asefemsa.com\/wp-content\/uploads\/2021\/07\/bannerViveres-1-1024x234.png 1024w, https:\/\/encontacto.asefemsa.com\/wp-content\/uploads\/2021\/07\/bannerViveres-1-300x69.png 300w, https:\/\/encontacto.asefemsa.com\/wp-content\/uploads\/2021\/07\/bannerViveres-1-768x175.png 768w, https:\/\/encontacto.asefemsa.com\/wp-content\/uploads\/2021\/07\/bannerViveres-1-750x171.png 750w, https:\/\/encontacto.asefemsa.com\/wp-content\/uploads\/2021\/07\/bannerViveres-1-1000x228.png 1000w, https:\/\/encontacto.asefemsa.com\/wp-content\/uploads\/2021\/07\/bannerViveres-1.png 1200w\" sizes=\"auto, (max-width: 1024px) 100vw, 1024px\" \/><\/figure>\n\n\n\n<p><strong>Venta de V\u00edveres:<\/strong><br>Los asociados podr\u00e1n comprar v\u00edveres ya sea para su uso o para donar a alg\u00fan compa\u00f1ero que los necesite.<br>Precio por canasta: \u00a233,500<br>Forma de pago: Tasa 0 a un mes <br><br><em>Cantidad: Cada asociado podr\u00e1 comprar un paquete (a\u00fan si no posee disponible crediticio). La venta de m\u00e1s paquetes estar\u00e1 sujeta al disponible de cada asociado.<\/em><br><br>Contenido de cada paquete de v\u00edveres:<\/p>\n\n\n\n<figure class=\"wp-block-table is-style-regular\"><table><tbody><tr><td>2<\/td><td>Frijol Negro T\u00edo Pel\u00f3n 800gr<\/td><\/tr><tr><td>2<\/td><td>Arroz Mi Sabor 95% 1.8kg<\/td><\/tr><tr><td>1<\/td><td>Az\u00facar blanco Do\u00f1a Mar\u00eda 2kg<\/td><\/tr><tr><td>2<\/td><td>Sal fina 500gr<\/td><\/tr><tr><td>4<\/td><td>Caracolitos Milano 250 gr<\/td><\/tr><tr><td>1<\/td><td>Aceite de Soya Clover 3L<\/td><\/tr><tr><td>3<\/td><td>Leche Coronado 2% grasa Larga Duraci\u00f3n 1L<\/td><\/tr><tr><td>2<\/td><td>Sopa Maggie Olla de Carne 40gr<\/td><\/tr><tr><td>2<\/td><td>Sopa Maggie Fideos 60gr<\/td><\/tr><tr><td>1<\/td><td>Caf\u00e9 molido 1820 1kg<\/td><\/tr><tr><td>2<\/td><td>Lentejas 400gr<\/td><\/tr><tr><td>2<\/td><td>Garbanzo 400 gr<\/td><\/tr><tr><td>2<\/td><td>Ma\u00edz Dulce Del Tr\u00f3pico 425gr<\/td><\/tr><tr><td>3<\/td><td>At\u00fan Sardimar trozos en aceite 140gr<\/td><\/tr><tr><td>2<\/td><td>Salsita La Chula Tomate Ranchera 160gr<\/td><\/tr><tr><td>1<\/td><td>Papel Higi\u00e9nico Green 1000 hojas 4 unidades<\/td><\/tr><tr><td>1<\/td><td>Pasta Milano Spaguetti 454gr<\/td><\/tr><tr><td>1<\/td><td>Frijol molido negro T\u00edo Pel\u00f3n 400gr<\/td><\/tr><\/tbody><\/table><\/figure>\n\n\n\n<p><br><strong>\u00bfC\u00f3mo solicitar el paquete de v\u00edveres?<\/strong><br><br>Correo\u00a0electr\u00f3nico:\u00a0<a href=\"mailto:tcrveronica.alvarez@kof.com.mx\" target=\"_blank\" rel=\"noreferrer noopener\">tcrveronica.alvarez@kof.com.mx<\/a><br>Whatsapp: <a rel=\"noreferrer noopener\" href=\"https:\/\/api.whatsapp.com\/send?phone=50673007768\" target=\"_blank\">7300-7768<\/a><br>Central telef\u00f3nica: 2247-2099 ext. 2146 \/ 2147<br>Tienda Coca-Cola (Calle Blancos)<br><br><em><strong><span style=\"color:#a30d00\" class=\"has-inline-color\">Importante:<\/span><\/strong><\/em><br><em>ASEFEMSA NO LUCRA con la venta de v\u00edveres. Es una iniciativa solidaria en beneficio de los asociados.<\/em><br>El precio del paquete podr\u00eda variar sin previo aviso seg\u00fan variaci\u00f3n de precios de nuestro proveedor.<\/p>\n\n\n\n<hr class=\"wp-block-separator\"\/>\n\n\n\n<div class=\"wp-block-image\"><figure class=\"aligncenter size-large is-resized\"><img loading=\"lazy\" decoding=\"async\" src=\"https:\/\/encontacto.asefemsa.com\/wp-content\/uploads\/2021\/07\/Done-1024x346.png\" alt=\"\" class=\"wp-image-327\" width=\"425\" height=\"143\" srcset=\"https:\/\/encontacto.asefemsa.com\/wp-content\/uploads\/2021\/07\/Done-1024x346.png 1024w, https:\/\/encontacto.asefemsa.com\/wp-content\/uploads\/2021\/07\/Done-300x101.png 300w, https:\/\/encontacto.asefemsa.com\/wp-content\/uploads\/2021\/07\/Done-768x259.png 768w, https:\/\/encontacto.asefemsa.com\/wp-content\/uploads\/2021\/07\/Done-750x253.png 750w, https:\/\/encontacto.asefemsa.com\/wp-content\/uploads\/2021\/07\/Done-1000x338.png 1000w, https:\/\/encontacto.asefemsa.com\/wp-content\/uploads\/2021\/07\/Done.png 1200w\" sizes=\"auto, (max-width: 425px) 100vw, 425px\" \/><\/figure><\/div>\n\n\n\n<p class=\"has-text-align-center\"><strong><span style=\"color:#a30700\" class=\"has-inline-color\">DONACIONES SOLIDARIAS<\/span><\/strong><\/p>\n\n\n\n<p>Si usted desea adquirir un paquete para que sea entregado a otro asociado, o para que la asociaci\u00f3n lo re-dirija seg\u00fan identifique casos de necesidad puede sumarse a la campa\u00f1a \u00abDonaci\u00f3n solidaria de v\u00edveres\u00bb.<br><br>Nuestro Comit\u00e9 de Responsabilidad Solidaria puede orientar su donaci\u00f3n.<\/p>\n","protected":false},"excerpt":{"rendered":"<p>Gracias a un acuerdo del Comit\u00e9 Financiero de ASEFEMSA los asociados contar\u00e1n con dos medidas de apoyo para equilibrar sus ingresos (en caso de afectaci\u00f3n por temas de pandemia).<\/p>\n<a href=\"https:\/\/encontacto.asefemsa.com\/index.php\/2021\/07\/09\/medidas-de-apoyo-para-nuestros-asociados\/\" class=\"more-link\">Leer m\u00e1s<\/a>","protected":false},"author":1,"featured_media":325,"comment_status":"open","ping_status":"open","sticky":false,"template":"","format":"standard","meta":{"footnotes":""},"categories":[6],"tags":[26,11,54,42,53],"class_list":["post-318","post","type-post","status-publish","format-standard","has-post-thumbnail","hentry","category-solidaridad","tag-ahorros","tag-asefemsa","tag-asociados","tag-solidarismo","tag-viveres","col-xs-12"],"_links":{"self":[{"href":"https:\/\/encontacto.asefemsa.com\/index.php\/wp-json\/wp\/v2\/posts\/318","targetHints":{"allow":["GET"]}}],"collection":[{"href":"https:\/\/encontacto.asefemsa.com\/index.php\/wp-json\/wp\/v2\/posts"}],"about":[{"href":"https:\/\/encontacto.asefemsa.com\/index.php\/wp-json\/wp\/v2\/types\/post"}],"author":[{"embeddable":true,"href":"https:\/\/encontacto.asefemsa.com\/index.php\/wp-json\/wp\/v2\/users\/1"}],"replies":[{"embeddable":true,"href":"https:\/\/encontacto.asefemsa.com\/index.php\/wp-json\/wp\/v2\/comments?post=318"}],"version-history":[{"count":17,"href":"https:\/\/encontacto.asefemsa.com\/index.php\/wp-json\/wp\/v2\/posts\/318\/revisions"}],"predecessor-version":[{"id":369,"href":"https:\/\/encontacto.asefemsa.com\/index.php\/wp-json\/wp\/v2\/posts\/318\/revisions\/369"}],"wp:featuredmedia":[{"embeddable":true,"href":"https:\/\/encontacto.asefemsa.com\/index.php\/wp-json\/wp\/v2\/media\/325"}],"wp:attachment":[{"href":"https:\/\/encontacto.asefemsa.com\/index.php\/wp-json\/wp\/v2\/media?parent=318"}],"wp:term":[{"taxonomy":"category","embeddable":true,"href":"https:\/\/encontacto.asefemsa.com\/index.php\/wp-json\/wp\/v2\/categories?post=318"},{"taxonomy":"post_tag","embeddable":true,"href":"https:\/\/encontacto.asefemsa.com\/index.php\/wp-json\/wp\/v2\/tags?post=318"}],"curies":[{"name":"wp","href":"https:\/\/api.w.org\/{rel}","templated":true}]}}