{"id":340,"date":"2021-07-13T14:37:33","date_gmt":"2021-07-13T20:37:33","guid":{"rendered":"https:\/\/encontacto.asefemsa.com\/?p=340"},"modified":"2021-07-14T06:26:06","modified_gmt":"2021-07-14T12:26:06","slug":"donacion-del-1-por-fallecimiento-de-asociado","status":"publish","type":"post","link":"https:\/\/encontacto.asefemsa.com\/index.php\/2021\/07\/13\/donacion-del-1-por-fallecimiento-de-asociado\/","title":{"rendered":"Donaci\u00f3n del 1% por fallecimiento de asociado"},"content":{"rendered":"\n<p>En la planilla de julio 2021 realizaremos el rebajo del 1% del salario a todos nuestros asociados por concepto de <strong>\u00abDonaci\u00f3n por fallecimiento\u00bb<\/strong> del asociado <strong>Julio Ram\u00edrez D\u00edaz<\/strong> (\u20206 junio).<br><br>ASEFEMSA externa sentidas condolencias a sus familiares y amigos.<br><br>Esta deducci\u00f3n se realiza en acato a la moci\u00f3n aprobada en la Asamblea General Ordinaria del 29 de enero 2012 y conforme a lo establecido en el reglamento. Se ver\u00e1 reflejada en los estados de cuenta como \u00abDonaci\u00f3n 1%\u00bb<br><br>Para las planillas semanales se realizan cuatro rebajos. <br>Para las planillas quincenales dos rebajos.<br>Planillas mensuales un rebajo.<br><\/p>\n\n\n\n<hr class=\"wp-block-separator\"\/>\n\n\n\n<p>Conozca m\u00e1s beneficios <a rel=\"noreferrer noopener\" href=\"https:\/\/asefemsa.com\/servicios\/social\" target=\"_blank\">AQU\u00cd<\/a><\/p>\n\n\n\n<p><\/p>\n","protected":false},"excerpt":{"rendered":"<p>En la planilla de julio 2021 realizaremos el rebajo del 1% del salario a todos nuestros asociados por concepto de \u00abDonaci\u00f3n por fallecimiento\u00bb<\/p>\n<a href=\"https:\/\/encontacto.asefemsa.com\/index.php\/2021\/07\/13\/donacion-del-1-por-fallecimiento-de-asociado\/\" class=\"more-link\">Leer m\u00e1s<\/a>","protected":false},"author":1,"featured_media":341,"comment_status":"open","ping_status":"open","sticky":false,"template":"","format":"standard","meta":{"footnotes":""},"categories":[6],"tags":[],"class_list":["post-340","post","type-post","status-publish","format-standard","has-post-thumbnail","hentry","category-solidaridad","col-xs-12"],"_links":{"self":[{"href":"https:\/\/encontacto.asefemsa.com\/index.php\/wp-json\/wp\/v2\/posts\/340","targetHints":{"allow":["GET"]}}],"collection":[{"href":"https:\/\/encontacto.asefemsa.com\/index.php\/wp-json\/wp\/v2\/posts"}],"about":[{"href":"https:\/\/encontacto.asefemsa.com\/index.php\/wp-json\/wp\/v2\/types\/post"}],"author":[{"embeddable":true,"href":"https:\/\/encontacto.asefemsa.com\/index.php\/wp-json\/wp\/v2\/users\/1"}],"replies":[{"embeddable":true,"href":"https:\/\/encontacto.asefemsa.com\/index.php\/wp-json\/wp\/v2\/comments?post=340"}],"version-history":[{"count":3,"href":"https:\/\/encontacto.asefemsa.com\/index.php\/wp-json\/wp\/v2\/posts\/340\/revisions"}],"predecessor-version":[{"id":346,"href":"https:\/\/encontacto.asefemsa.com\/index.php\/wp-json\/wp\/v2\/posts\/340\/revisions\/346"}],"wp:featuredmedia":[{"embeddable":true,"href":"https:\/\/encontacto.asefemsa.com\/index.php\/wp-json\/wp\/v2\/media\/341"}],"wp:attachment":[{"href":"https:\/\/encontacto.asefemsa.com\/index.php\/wp-json\/wp\/v2\/media?parent=340"}],"wp:term":[{"taxonomy":"category","embeddable":true,"href":"https:\/\/encontacto.asefemsa.com\/index.php\/wp-json\/wp\/v2\/categories?post=340"},{"taxonomy":"post_tag","embeddable":true,"href":"https:\/\/encontacto.asefemsa.com\/index.php\/wp-json\/wp\/v2\/tags?post=340"}],"curies":[{"name":"wp","href":"https:\/\/api.w.org\/{rel}","templated":true}]}}