{"id":359,"date":"2021-07-22T12:32:56","date_gmt":"2021-07-22T18:32:56","guid":{"rendered":"https:\/\/encontacto.asefemsa.com\/?p=359"},"modified":"2021-07-28T11:37:03","modified_gmt":"2021-07-28T17:37:03","slug":"iniciamos-los-cursos-beca-50","status":"publish","type":"post","link":"https:\/\/encontacto.asefemsa.com\/index.php\/2021\/07\/22\/iniciamos-los-cursos-beca-50\/","title":{"rendered":"\u00a1Cursos libres para asociados y familiares! Beca 50%"},"content":{"rendered":"\n<p>Lesco y Excel ser\u00e1n los primeros cursos de nuestro Programa Crecer 2021<br><br><strong><span style=\"color:#a31600\" class=\"has-inline-color\">Modalidad Virtual<\/span><\/strong><br><br><\/p>\n\n\n\n<figure class=\"wp-block-table\"><table><tbody><tr><td class=\"has-text-align-center\" data-align=\"center\"><strong>LESCO<\/strong><\/td><td class=\"has-text-align-center\" data-align=\"center\"><strong>EXCEL B\u00c1SICO<\/strong><\/td><td class=\"has-text-align-center\" data-align=\"center\"><strong>EXCEL INTERMEDIO<\/strong><\/td><\/tr><tr><td class=\"has-text-align-center\" data-align=\"center\">Inicio: 6 agosto 2021<\/td><td class=\"has-text-align-center\" data-align=\"center\">Inicio: 17 agosto<\/td><td class=\"has-text-align-center\" data-align=\"center\"><meta charset=\"utf-8\">Inicio: 29 setiembre<\/td><\/tr><tr><td class=\"has-text-align-center\" data-align=\"center\">Viernes de 5 &#8211; 8 p.m. \/ 10 sesiones<\/td><td class=\"has-text-align-center\" data-align=\"center\">Martes de 5-8 p.m. \/ 5 sesiones<\/td><td class=\"has-text-align-center\" data-align=\"center\"><meta charset=\"utf-8\">Mi\u00e9rcoles de 5-8 p.m. \/ 5 sesiones<\/td><\/tr><tr><td class=\"has-text-align-center\" data-align=\"center\"><strong>\u00a225.000<\/strong> (Costo beca aplicada)<\/td><td class=\"has-text-align-center\" data-align=\"center\"><strong>\u00a228.050<\/strong> (Costo beca aplicada)<\/td><td class=\"has-text-align-center\" data-align=\"center\"><meta charset=\"utf-8\"><strong>\u00a228.050<\/strong> (Costo beca aplicada)<\/td><\/tr><\/tbody><\/table><\/figure>\n\n\n\n<div class=\"wp-block-image\"><figure class=\"aligncenter size-large\"><a href=\"https:\/\/es.surveymonkey.com\/r\/inscripcioncursoscrecer2021\" target=\"_blank\" rel=\"noopener\"><img loading=\"lazy\" decoding=\"async\" width=\"1024\" height=\"174\" src=\"https:\/\/encontacto.asefemsa.com\/wp-content\/uploads\/2021\/07\/Boton-Inscribirse-1024x174.jpg\" alt=\"\" class=\"wp-image-361\" srcset=\"https:\/\/encontacto.asefemsa.com\/wp-content\/uploads\/2021\/07\/Boton-Inscribirse-1024x174.jpg 1024w, https:\/\/encontacto.asefemsa.com\/wp-content\/uploads\/2021\/07\/Boton-Inscribirse-300x51.jpg 300w, https:\/\/encontacto.asefemsa.com\/wp-content\/uploads\/2021\/07\/Boton-Inscribirse-768x131.jpg 768w, https:\/\/encontacto.asefemsa.com\/wp-content\/uploads\/2021\/07\/Boton-Inscribirse-1536x261.jpg 1536w, https:\/\/encontacto.asefemsa.com\/wp-content\/uploads\/2021\/07\/Boton-Inscribirse-2048x348.jpg 2048w, https:\/\/encontacto.asefemsa.com\/wp-content\/uploads\/2021\/07\/Boton-Inscribirse-750x128.jpg 750w, https:\/\/encontacto.asefemsa.com\/wp-content\/uploads\/2021\/07\/Boton-Inscribirse-1000x170.jpg 1000w\" sizes=\"auto, (max-width: 1024px) 100vw, 1024px\" \/><\/a><figcaption><em><span class=\"has-inline-color has-light-gray-color\">Recibiremos inscripciones hasta el 3 de agosto 2021<\/span><\/em><\/figcaption><\/figure><\/div>\n\n\n\n<p>ASEFEMSA ofrece financiamiento seg\u00fan disponible.<\/p>\n\n\n\n<p>Pueden inscribirse asociados o sus familiares.<br><br>La apertura del curso est\u00e1 sujeta a completar el cupo m\u00ednimo: 10 participantes.<br><br>M\u00e1s informaci\u00f3n sobre el Programa Crecer: <a rel=\"noreferrer noopener\" href=\"mailto:tcrmelissa.ballestero@kof.com.mx\" target=\"_blank\">tcrmelissa.ballestero@kof.com.mx<\/a><br><br><\/p>\n\n\n\n<hr class=\"wp-block-separator\"\/>\n\n\n\n<figure class=\"wp-block-image size-large\"><img loading=\"lazy\" decoding=\"async\" width=\"1024\" height=\"111\" src=\"https:\/\/encontacto.asefemsa.com\/wp-content\/uploads\/2021\/07\/Opinion-1024x111.jpg\" alt=\"\" class=\"wp-image-362\" srcset=\"https:\/\/encontacto.asefemsa.com\/wp-content\/uploads\/2021\/07\/Opinion-1024x111.jpg 1024w, https:\/\/encontacto.asefemsa.com\/wp-content\/uploads\/2021\/07\/Opinion-300x33.jpg 300w, https:\/\/encontacto.asefemsa.com\/wp-content\/uploads\/2021\/07\/Opinion-768x83.jpg 768w, https:\/\/encontacto.asefemsa.com\/wp-content\/uploads\/2021\/07\/Opinion-1536x167.jpg 1536w, https:\/\/encontacto.asefemsa.com\/wp-content\/uploads\/2021\/07\/Opinion-2048x223.jpg 2048w, https:\/\/encontacto.asefemsa.com\/wp-content\/uploads\/2021\/07\/Opinion-750x82.jpg 750w, https:\/\/encontacto.asefemsa.com\/wp-content\/uploads\/2021\/07\/Opinion-1000x109.jpg 1000w\" sizes=\"auto, (max-width: 1024px) 100vw, 1024px\" \/><\/figure>\n\n\n\n<p><\/p>\n\n\n\n<p><\/p>\n\n\n\n<p><span style=\"color:#fbfdfe\" class=\"has-inline-color\">a<\/span><\/p>\n\n\n\n<p><\/p>\n\n\n\n<p><\/p>\n","protected":false},"excerpt":{"rendered":"<p>Lesco y Excel ser\u00e1n los primeros cursos de nuestro Programa Crecer 2021<br \/>\nPueden participar asociados y familiares<\/p>\n<a href=\"https:\/\/encontacto.asefemsa.com\/index.php\/2021\/07\/22\/iniciamos-los-cursos-beca-50\/\" class=\"more-link\">Leer m\u00e1s<\/a>","protected":false},"author":1,"featured_media":360,"comment_status":"open","ping_status":"open","sticky":false,"template":"","format":"standard","meta":{"footnotes":""},"categories":[6],"tags":[11,54,57,55,56,58,59],"class_list":["post-359","post","type-post","status-publish","format-standard","has-post-thumbnail","hentry","category-solidaridad","tag-asefemsa","tag-asociados","tag-beca-50","tag-crecer","tag-curso-libre","tag-excel","tag-lesco","col-xs-12"],"_links":{"self":[{"href":"https:\/\/encontacto.asefemsa.com\/index.php\/wp-json\/wp\/v2\/posts\/359","targetHints":{"allow":["GET"]}}],"collection":[{"href":"https:\/\/encontacto.asefemsa.com\/index.php\/wp-json\/wp\/v2\/posts"}],"about":[{"href":"https:\/\/encontacto.asefemsa.com\/index.php\/wp-json\/wp\/v2\/types\/post"}],"author":[{"embeddable":true,"href":"https:\/\/encontacto.asefemsa.com\/index.php\/wp-json\/wp\/v2\/users\/1"}],"replies":[{"embeddable":true,"href":"https:\/\/encontacto.asefemsa.com\/index.php\/wp-json\/wp\/v2\/comments?post=359"}],"version-history":[{"count":4,"href":"https:\/\/encontacto.asefemsa.com\/index.php\/wp-json\/wp\/v2\/posts\/359\/revisions"}],"predecessor-version":[{"id":368,"href":"https:\/\/encontacto.asefemsa.com\/index.php\/wp-json\/wp\/v2\/posts\/359\/revisions\/368"}],"wp:featuredmedia":[{"embeddable":true,"href":"https:\/\/encontacto.asefemsa.com\/index.php\/wp-json\/wp\/v2\/media\/360"}],"wp:attachment":[{"href":"https:\/\/encontacto.asefemsa.com\/index.php\/wp-json\/wp\/v2\/media?parent=359"}],"wp:term":[{"taxonomy":"category","embeddable":true,"href":"https:\/\/encontacto.asefemsa.com\/index.php\/wp-json\/wp\/v2\/categories?post=359"},{"taxonomy":"post_tag","embeddable":true,"href":"https:\/\/encontacto.asefemsa.com\/index.php\/wp-json\/wp\/v2\/tags?post=359"}],"curies":[{"name":"wp","href":"https:\/\/api.w.org\/{rel}","templated":true}]}}