{"id":460,"date":"2021-09-08T20:55:30","date_gmt":"2021-09-09T02:55:30","guid":{"rendered":"https:\/\/encontacto.asefemsa.com\/?p=460"},"modified":"2021-09-09T14:18:15","modified_gmt":"2021-09-09T20:18:15","slug":"ganadoras-celebremos-dia-del-nino","status":"publish","type":"post","link":"https:\/\/encontacto.asefemsa.com\/index.php\/2021\/09\/08\/ganadoras-celebremos-dia-del-nino\/","title":{"rendered":"Ganadores Celebremos D\u00eda del Ni\u00f1o"},"content":{"rendered":"\n<p>Les deseamos un feliz d\u00eda y compartimos la lista de asociados ganadores de la rifa del Programa Celebremos, en conmemoraci\u00f3n del D\u00eda del Ni\u00f1o.<br><br><strong>\u00a1Que crecer no signifique dejar atr\u00e1s nuestras ilusiones y creatividad!<em><br><\/em><\/strong><br><\/p>\n\n\n\n<figure class=\"wp-block-image size-full is-resized\"><img loading=\"lazy\" decoding=\"async\" src=\"https:\/\/encontacto.asefemsa.com\/wp-content\/uploads\/2021\/09\/DiaNino.png\" alt=\"\" class=\"wp-image-461\" width=\"279\" height=\"236\" srcset=\"https:\/\/encontacto.asefemsa.com\/wp-content\/uploads\/2021\/09\/DiaNino.png 480w, https:\/\/encontacto.asefemsa.com\/wp-content\/uploads\/2021\/09\/DiaNino-300x253.png 300w\" sizes=\"auto, (max-width: 279px) 100vw, 279px\" \/><\/figure>\n\n\n\n<p><\/p>\n\n\n\n<p class=\"has-text-align-center\"><strong>ASOCIADOS GANADORES<\/strong><\/p>\n\n\n\n<figure class=\"wp-block-table aligncenter\"><table><tbody><tr><td>Jorge Enzo Phillips Fern\u00e1ndez<\/td><\/tr><tr><td>Bernab\u00e9 Araya Garro<\/td><\/tr><tr><td>Cinthia Gamboa M\u00e9ndez<\/td><\/tr><tr><td>Alexander Jim\u00e9nez Coto<\/td><\/tr><tr><td>Michael Acebedo Peralta<\/td><\/tr><tr><td>Jose Enrique Rosales Elizondo<\/td><\/tr><tr><td>Juani Gerardo Madrigal Villalobos<\/td><\/tr><tr><td>Eugenio Madrigal Mora<\/td><\/tr><tr><td>Oscar Andr\u00e9s L\u00f3pez Jim\u00e9nez<\/td><\/tr><tr><td>Carlos Abel Vargas Villalobos<\/td><\/tr><\/tbody><\/table><\/figure>\n\n\n\n<p>PREMIOS:<\/p>\n\n\n\n<figure class=\"wp-block-image size-full\"><img loading=\"lazy\" decoding=\"async\" width=\"594\" height=\"147\" src=\"https:\/\/encontacto.asefemsa.com\/wp-content\/uploads\/2021\/09\/PremiosNino.jpg\" alt=\"\" class=\"wp-image-476\" srcset=\"https:\/\/encontacto.asefemsa.com\/wp-content\/uploads\/2021\/09\/PremiosNino.jpg 594w, https:\/\/encontacto.asefemsa.com\/wp-content\/uploads\/2021\/09\/PremiosNino-300x74.jpg 300w\" sizes=\"auto, (max-width: 594px) 100vw, 594px\" \/><\/figure>\n\n\n\n<p>ASEFEMSA contactar\u00e1 a cada favorecido para indicarle la log\u00edstica para canjear el premio.<\/p>\n\n\n\n<p><\/p>\n\n\n\n<p>Rifa realizada en presencia de miembros de Junta Directiva para garantizar la transparencia del proceso.<br>Esta rifa se realiz\u00f3 entre todos los asociados activos y que se encuentran al d\u00eda con sus obligaciones en la Asociaci\u00f3n, seg\u00fan lo establecido en nuestro <a href=\"https:\/\/www.asefemsa.com\/uploads\/formulario\/ReglamentoProgramaSOLIDARIDAD24-8-21.pdf\" target=\"_blank\" rel=\"noreferrer noopener\">Reglamento del Programa Solidaridad<\/a> (\u00faltima actualizaci\u00f3n en agosto 2021)<\/p>\n\n\n\n<p><\/p>\n\n\n\n<p><\/p>\n\n\n\n<p><\/p>\n","protected":false},"excerpt":{"rendered":"<p>Les deseamos un feliz d\u00eda y compartimos la lista de asociados ganadores de la rifa del Programa Celebremos, en conmemoraci\u00f3n del D\u00eda del Ni\u00f1o.<\/p>\n<a href=\"https:\/\/encontacto.asefemsa.com\/index.php\/2021\/09\/08\/ganadoras-celebremos-dia-del-nino\/\" class=\"more-link\">Leer m\u00e1s<\/a>","protected":false},"author":1,"featured_media":466,"comment_status":"open","ping_status":"open","sticky":false,"template":"","format":"standard","meta":{"footnotes":""},"categories":[7],"tags":[11,51],"class_list":["post-460","post","type-post","status-publish","format-standard","has-post-thumbnail","hentry","category-conmemoremos","tag-asefemsa","tag-celebremos","col-xs-12"],"_links":{"self":[{"href":"https:\/\/encontacto.asefemsa.com\/index.php\/wp-json\/wp\/v2\/posts\/460","targetHints":{"allow":["GET"]}}],"collection":[{"href":"https:\/\/encontacto.asefemsa.com\/index.php\/wp-json\/wp\/v2\/posts"}],"about":[{"href":"https:\/\/encontacto.asefemsa.com\/index.php\/wp-json\/wp\/v2\/types\/post"}],"author":[{"embeddable":true,"href":"https:\/\/encontacto.asefemsa.com\/index.php\/wp-json\/wp\/v2\/users\/1"}],"replies":[{"embeddable":true,"href":"https:\/\/encontacto.asefemsa.com\/index.php\/wp-json\/wp\/v2\/comments?post=460"}],"version-history":[{"count":5,"href":"https:\/\/encontacto.asefemsa.com\/index.php\/wp-json\/wp\/v2\/posts\/460\/revisions"}],"predecessor-version":[{"id":477,"href":"https:\/\/encontacto.asefemsa.com\/index.php\/wp-json\/wp\/v2\/posts\/460\/revisions\/477"}],"wp:featuredmedia":[{"embeddable":true,"href":"https:\/\/encontacto.asefemsa.com\/index.php\/wp-json\/wp\/v2\/media\/466"}],"wp:attachment":[{"href":"https:\/\/encontacto.asefemsa.com\/index.php\/wp-json\/wp\/v2\/media?parent=460"}],"wp:term":[{"taxonomy":"category","embeddable":true,"href":"https:\/\/encontacto.asefemsa.com\/index.php\/wp-json\/wp\/v2\/categories?post=460"},{"taxonomy":"post_tag","embeddable":true,"href":"https:\/\/encontacto.asefemsa.com\/index.php\/wp-json\/wp\/v2\/tags?post=460"}],"curies":[{"name":"wp","href":"https:\/\/api.w.org\/{rel}","templated":true}]}}