{"id":654,"date":"2021-12-08T11:45:05","date_gmt":"2021-12-08T17:45:05","guid":{"rendered":"https:\/\/encontacto.asefemsa.com\/?p=654"},"modified":"2021-12-08T11:45:52","modified_gmt":"2021-12-08T17:45:52","slug":"ganadores-celebremos-dia-de-la-educacion","status":"publish","type":"post","link":"https:\/\/encontacto.asefemsa.com\/index.php\/2021\/12\/08\/ganadores-celebremos-dia-de-la-educacion\/","title":{"rendered":"Ganadores Celebremos D\u00eda de la Educaci\u00f3n"},"content":{"rendered":"\n<p><\/p>\n\n\n\n<p>El objetivo de este programa es promover el esfuerzo y la disciplina en los estudios.<br><\/p>\n\n\n\n<p>Fue aprobado por Junta Directiva en el mes de agosto 2021 y la rifa de este periodo se realizar\u00e1 -por \u00fanica vez- en el mes de diciembre 2021. A partir del periodo 2022\u00a0se celebrar\u00e1 la rifa en el D\u00eda Internacional de la Educaci\u00f3n, establecido el 24 de enero de cada a\u00f1o.<strong><em><br><\/em><\/strong><br><\/p>\n\n\n\n<div class=\"wp-block-image\"><figure class=\"aligncenter size-full\"><img loading=\"lazy\" decoding=\"async\" width=\"477\" height=\"181\" src=\"https:\/\/encontacto.asefemsa.com\/wp-content\/uploads\/2021\/12\/PremiosEducacion.jpg\" alt=\"\" class=\"wp-image-655\" srcset=\"https:\/\/encontacto.asefemsa.com\/wp-content\/uploads\/2021\/12\/PremiosEducacion.jpg 477w, https:\/\/encontacto.asefemsa.com\/wp-content\/uploads\/2021\/12\/PremiosEducacion-300x114.jpg 300w\" sizes=\"auto, (max-width: 477px) 100vw, 477px\" \/><\/figure><\/div>\n\n\n\n<p><\/p>\n\n\n\n<p class=\"has-text-align-center\"><strong>GANADORES<\/strong><\/p>\n\n\n\n<figure class=\"wp-block-table aligncenter\"><table><tbody><tr><td>Kimberly Granados Zamora<\/td><\/tr><tr><td>Juan Carlos Mora Solano<\/td><\/tr><tr><td>V\u00edctor Fern\u00e1ndez Arias<\/td><\/tr><tr><td>Jose Santos Blandon L\u00f3pez<\/td><\/tr><tr><td>Sebasti\u00e1n Goni Pete\u00fcesen<\/td><\/tr><tr><td>Mauricio G\u00f3mez Solano<\/td><\/tr><tr><td>Javier Ch\u00e1ves L\u00f3pez<\/td><\/tr><tr><td>Rodolfo Cabezas Mart\u00ednez<\/td><\/tr><tr><td>Reyi Ruiz Arg\u00fcello<\/td><\/tr><tr><td>Harvin Mondrag\u00f3n Miranda<\/td><\/tr><\/tbody><\/table><\/figure>\n\n\n\n<p><\/p>\n\n\n\n<p>ASEFEMSA contactar\u00e1 a cada persona favorecida para indicarle la log\u00edstica para canjear el premio.<\/p>\n\n\n\n<hr class=\"wp-block-separator\"\/>\n\n\n\n<p><em>La rifa fue supervisada por miembros de Junta Directiva para garantizar la transparencia del proceso.<\/em><\/p>\n\n\n\n<p><\/p>\n\n\n\n<p><\/p>\n\n\n\n<p><span style=\"color:#fbfbfb\" class=\"has-inline-color\">a<\/span><\/p>\n","protected":false},"excerpt":{"rendered":"<p>El objetivo de esta rifa es impulsar el esfuerzo y la disciplina en los estudios.<\/p>\n<a href=\"https:\/\/encontacto.asefemsa.com\/index.php\/2021\/12\/08\/ganadores-celebremos-dia-de-la-educacion\/\" class=\"more-link\">Leer m\u00e1s<\/a>","protected":false},"author":1,"featured_media":656,"comment_status":"open","ping_status":"open","sticky":false,"template":"","format":"standard","meta":{"footnotes":""},"categories":[7],"tags":[11,51],"class_list":["post-654","post","type-post","status-publish","format-standard","has-post-thumbnail","hentry","category-conmemoremos","tag-asefemsa","tag-celebremos","col-xs-12"],"_links":{"self":[{"href":"https:\/\/encontacto.asefemsa.com\/index.php\/wp-json\/wp\/v2\/posts\/654","targetHints":{"allow":["GET"]}}],"collection":[{"href":"https:\/\/encontacto.asefemsa.com\/index.php\/wp-json\/wp\/v2\/posts"}],"about":[{"href":"https:\/\/encontacto.asefemsa.com\/index.php\/wp-json\/wp\/v2\/types\/post"}],"author":[{"embeddable":true,"href":"https:\/\/encontacto.asefemsa.com\/index.php\/wp-json\/wp\/v2\/users\/1"}],"replies":[{"embeddable":true,"href":"https:\/\/encontacto.asefemsa.com\/index.php\/wp-json\/wp\/v2\/comments?post=654"}],"version-history":[{"count":2,"href":"https:\/\/encontacto.asefemsa.com\/index.php\/wp-json\/wp\/v2\/posts\/654\/revisions"}],"predecessor-version":[{"id":658,"href":"https:\/\/encontacto.asefemsa.com\/index.php\/wp-json\/wp\/v2\/posts\/654\/revisions\/658"}],"wp:featuredmedia":[{"embeddable":true,"href":"https:\/\/encontacto.asefemsa.com\/index.php\/wp-json\/wp\/v2\/media\/656"}],"wp:attachment":[{"href":"https:\/\/encontacto.asefemsa.com\/index.php\/wp-json\/wp\/v2\/media?parent=654"}],"wp:term":[{"taxonomy":"category","embeddable":true,"href":"https:\/\/encontacto.asefemsa.com\/index.php\/wp-json\/wp\/v2\/categories?post=654"},{"taxonomy":"post_tag","embeddable":true,"href":"https:\/\/encontacto.asefemsa.com\/index.php\/wp-json\/wp\/v2\/tags?post=654"}],"curies":[{"name":"wp","href":"https:\/\/api.w.org\/{rel}","templated":true}]}}