{"id":857,"date":"2022-02-07T14:08:30","date_gmt":"2022-02-07T20:08:30","guid":{"rendered":"https:\/\/encontacto.asefemsa.com\/?p=857"},"modified":"2022-02-07T15:41:45","modified_gmt":"2022-02-07T21:41:45","slug":"personas-ganadoras-celebremos-dia-de-la-educacion","status":"publish","type":"post","link":"https:\/\/encontacto.asefemsa.com\/index.php\/2022\/02\/07\/personas-ganadoras-celebremos-dia-de-la-educacion\/","title":{"rendered":"Personas ganadoras Celebremos D\u00eda de la Educaci\u00f3n"},"content":{"rendered":"\n<p><\/p>\n\n\n\n<p>El objetivo de este programa es promover el esfuerzo y la disciplina en los estudios.<br><\/p>\n\n\n\n<p>Celebramos el D\u00eda Internacional de la Educaci\u00f3n, establecido el 24 de enero de cada a\u00f1o, con rifas entre las personas asociadas activas y al d\u00eda en sus obligaciones con ASEFEMSA.<strong><em><br><\/em><\/strong><br><\/p>\n\n\n\n<div class=\"wp-block-image\"><figure class=\"aligncenter size-full\"><img loading=\"lazy\" decoding=\"async\" width=\"477\" height=\"181\" src=\"https:\/\/encontacto.asefemsa.com\/wp-content\/uploads\/2021\/12\/PremiosEducacion.jpg\" alt=\"\" class=\"wp-image-655\" srcset=\"https:\/\/encontacto.asefemsa.com\/wp-content\/uploads\/2021\/12\/PremiosEducacion.jpg 477w, https:\/\/encontacto.asefemsa.com\/wp-content\/uploads\/2021\/12\/PremiosEducacion-300x114.jpg 300w\" sizes=\"auto, (max-width: 477px) 100vw, 477px\" \/><\/figure><\/div>\n\n\n\n<p><\/p>\n\n\n\n<p class=\"has-text-align-center\"><strong>PERSONAS GANADORAS EN LA RIFA<\/strong><\/p>\n\n\n\n<figure class=\"wp-block-table aligncenter\"><table><tbody><tr><td>Minor Castro Garc\u00eda<\/td><\/tr><tr><td>Isaac Airton Lindo Mar\u00edn<\/td><\/tr><tr><td>Sidney Hines G\u00f3mez<\/td><\/tr><tr><td>Elias Quir\u00f3s Gonz\u00e1lez<\/td><\/tr><tr><td>Esteban Gerardo Aguilar Quesada<\/td><\/tr><tr><td>Elvin Roberto Navarro Gazo<\/td><\/tr><tr><td>Alexander Soto Vega<\/td><\/tr><tr><td>Gloria Chaves Oviedo<\/td><\/tr><tr><td>Angel Leonel S\u00e1nchez Fern\u00e1ndez<\/td><\/tr><tr><td>Pedro Abarca P\u00e9rez<\/td><\/tr><\/tbody><\/table><\/figure>\n\n\n\n<p><\/p>\n\n\n\n<p>ASEFEMSA realizar\u00e1 la transferencia del premio a las cuentas registradas de cada persona favorecida, el d\u00eda 7 de febrero 2022.<\/p>\n\n\n\n<hr class=\"wp-block-separator\"\/>\n\n\n\n<p><em>La rifa fue supervisada por miembros de Junta Directiva para garantizar la transparencia del proceso.<\/em><\/p>\n\n\n\n<p><\/p>\n\n\n\n<p><\/p>\n\n\n\n<p><mark style=\"background-color:rgba(0, 0, 0, 0);color:#fbfbfb\" class=\"has-inline-color\">a<\/mark><\/p>\n","protected":false},"excerpt":{"rendered":"<p>El objetivo de esta rifa es impulsar el esfuerzo y la disciplina en los estudios.<\/p>\n<a href=\"https:\/\/encontacto.asefemsa.com\/index.php\/2022\/02\/07\/personas-ganadoras-celebremos-dia-de-la-educacion\/\" class=\"more-link\">Leer m\u00e1s<\/a>","protected":false},"author":1,"featured_media":656,"comment_status":"open","ping_status":"open","sticky":false,"template":"","format":"standard","meta":{"footnotes":""},"categories":[7],"tags":[11,51],"class_list":["post-857","post","type-post","status-publish","format-standard","has-post-thumbnail","hentry","category-conmemoremos","tag-asefemsa","tag-celebremos","col-xs-12"],"_links":{"self":[{"href":"https:\/\/encontacto.asefemsa.com\/index.php\/wp-json\/wp\/v2\/posts\/857","targetHints":{"allow":["GET"]}}],"collection":[{"href":"https:\/\/encontacto.asefemsa.com\/index.php\/wp-json\/wp\/v2\/posts"}],"about":[{"href":"https:\/\/encontacto.asefemsa.com\/index.php\/wp-json\/wp\/v2\/types\/post"}],"author":[{"embeddable":true,"href":"https:\/\/encontacto.asefemsa.com\/index.php\/wp-json\/wp\/v2\/users\/1"}],"replies":[{"embeddable":true,"href":"https:\/\/encontacto.asefemsa.com\/index.php\/wp-json\/wp\/v2\/comments?post=857"}],"version-history":[{"count":3,"href":"https:\/\/encontacto.asefemsa.com\/index.php\/wp-json\/wp\/v2\/posts\/857\/revisions"}],"predecessor-version":[{"id":862,"href":"https:\/\/encontacto.asefemsa.com\/index.php\/wp-json\/wp\/v2\/posts\/857\/revisions\/862"}],"wp:featuredmedia":[{"embeddable":true,"href":"https:\/\/encontacto.asefemsa.com\/index.php\/wp-json\/wp\/v2\/media\/656"}],"wp:attachment":[{"href":"https:\/\/encontacto.asefemsa.com\/index.php\/wp-json\/wp\/v2\/media?parent=857"}],"wp:term":[{"taxonomy":"category","embeddable":true,"href":"https:\/\/encontacto.asefemsa.com\/index.php\/wp-json\/wp\/v2\/categories?post=857"},{"taxonomy":"post_tag","embeddable":true,"href":"https:\/\/encontacto.asefemsa.com\/index.php\/wp-json\/wp\/v2\/tags?post=857"}],"curies":[{"name":"wp","href":"https:\/\/api.w.org\/{rel}","templated":true}]}}