{"id":947,"date":"2022-03-08T15:49:10","date_gmt":"2022-03-08T21:49:10","guid":{"rendered":"https:\/\/encontacto.asefemsa.com\/?p=947"},"modified":"2023-07-06T21:47:04","modified_gmt":"2023-07-07T03:47:04","slug":"personas-favorecidas-segundo-bloque-de-rifas-estudio-socioeconomico","status":"publish","type":"post","link":"https:\/\/encontacto.asefemsa.com\/index.php\/2022\/03\/08\/personas-favorecidas-segundo-bloque-de-rifas-estudio-socioeconomico\/","title":{"rendered":"Personas favorecidas segundo bloque de RIFAS Estudio Socioecon\u00f3mico"},"content":{"rendered":"\n<p><\/p>\n\n\n\n<p>Informamos la lista de personas asociadas que resultaron favorecidas en el segundo bloque de rifas*, por participar en el Estudio Socioecon\u00f3mico:<\/p>\n\n\n\n<p><\/p>\n\n\n\n<figure class=\"wp-block-table\"><table><tbody><tr><td>Floyd Grey Meza<\/td><td>M\u00e1quina Milkshake<\/td><\/tr><tr><td>Fernando Fonseca Solano<\/td><td>M\u00e1quina Granizados<\/td><\/tr><tr><td>Hern\u00e1n Fern\u00e1ndez Alfaro<\/td><td>Premio efectivo \u00a230 mil<\/td><\/tr><tr><td>Jos\u00e9 Gregorio Rubio P\u00e9rez<\/td><td>M\u00e1quina Milkshake<\/td><\/tr><tr><td>Luis Enrique L\u00f3pez Orias<\/td><td>M\u00e1quina Granizados<\/td><\/tr><\/tbody><\/table><\/figure>\n\n\n\n<p><\/p>\n\n\n\n<p class=\"has-small-font-size\">*Rifa realizada el martes 8 de marzo con corte de participantes al 7 de marzo 2022.<br><br><em>Las rifas se realizan en presencia de personal administrativo y miembros de Junta Directiva para garantizar la transparencia del proceso.<\/em><br><\/p>\n\n\n\n<p style=\"font-size:32px\"><strong><em>El estudio Socioecon\u00f3mico es el PASO 1 del programa:<\/em><\/strong><\/p>\n\n\n\n<div class=\"wp-block-columns is-layout-flex wp-container-core-columns-is-layout-9d6595d7 wp-block-columns-is-layout-flex\">\n<div class=\"wp-block-column is-layout-flow wp-block-column-is-layout-flow\">\n<figure class=\"wp-block-table has-large-font-size\"><table class=\"has-background\" style=\"background-color:#ffb62d\"><tbody><tr><td class=\"has-text-align-center\" data-align=\"center\"><strong>PASO 1<\/strong><\/td><\/tr><\/tbody><\/table><figcaption class=\"wp-element-caption\">Completar el Estudio Socioecon\u00f3mico<\/figcaption><\/figure>\n\n\n\n<p class=\"has-text-align-center\">Responsables: Personas asociadas<\/p>\n\n\n\n<figure class=\"wp-block-table has-large-font-size\"><table class=\"has-background\" style=\"background-color:#ffb62d\"><tbody><tr><td class=\"has-text-align-center\" data-align=\"center\"><strong>PASO 2<\/strong><\/td><\/tr><\/tbody><\/table><figcaption class=\"wp-element-caption\">Analizar informaci\u00f3n que aporta el Estudio<\/figcaption><\/figure>\n\n\n\n<p class=\"has-text-align-center\">Responsables: Comit\u00e9 Salud Financiera<\/p>\n\n\n\n<figure class=\"wp-block-table has-large-font-size\"><table class=\"has-background\" style=\"background-color:#ffb62d\"><tbody><tr><td class=\"has-text-align-center\" data-align=\"center\"><strong>PASO 3<\/strong><\/td><\/tr><\/tbody><\/table><figcaption class=\"wp-element-caption\">Definir acciones para mejorar cultura financiera<\/figcaption><\/figure>\n\n\n\n<p class=\"has-text-align-center\">Responsables: Comit\u00e9 y Junta Directiva<\/p>\n<\/div>\n<\/div>\n\n\n\n<p>Durante febrero y hasta el 15 de marzo 2022 estaremos invitando a los asociados a participar del Estudio Socioecon\u00f3mico, que nos aportar\u00e1 la informaci\u00f3n base para definir acciones como capacitaci\u00f3n y acompa\u00f1amiento para que las personas asociadas puedan manejar correctamente sus finanzas.<br><\/p>\n\n\n\n<p class=\"has-text-align-center\" style=\"font-size:23px\">Si a\u00fan no completa el cuestionario, le invitamos a hacerlo ingresando a este v\u00ednculo:<br><a rel=\"noreferrer noopener\" href=\"https:\/\/es.surveymonkey.com\/r\/estudiosocioeconomico2022\" target=\"_blank\">https:\/\/es.surveymonkey.com\/r\/estudiosocioeconomico2022<\/a><\/p>\n\n\n\n<p class=\"has-text-align-center has-text-color\" style=\"color:#f94501\"><br><em>Durante el plazo para completar el Estudio Socioecon\u00f3mico estaremos rifando diferentes premios.<\/em><\/p>\n\n\n\n<hr class=\"wp-block-separator has-css-opacity\"\/>\n\n\n\n<p class=\"has-text-align-center\" style=\"font-size:24px\"><strong>&#8211; TOTAL DE INCENTIVOS-<\/strong><\/p>\n\n\n\n<ul class=\"wp-block-list\">\n<li>15 m\u00e1quinas para hacer milkshake <\/li>\n\n\n\n<li>15 m\u00e1quinas para hacer granizados<\/li>\n\n\n\n<li>5 premios en efectivo de \u00a230 mil<\/li>\n<\/ul>\n\n\n\n<p><\/p>\n\n\n\n<p>Compartirmos algunos videos con detalles importantes del Programa:<\/p>\n\n\n\n<figure class=\"wp-block-embed is-type-video is-provider-youtube wp-block-embed-youtube wp-embed-aspect-16-9 wp-has-aspect-ratio\"><div class=\"wp-block-embed__wrapper\">\n<iframe loading=\"lazy\" title=\"Estudio Socioecon\u00f3mico Programa Salud Financiera 2022\" width=\"950\" height=\"534\" src=\"https:\/\/www.youtube.com\/embed\/4GmDO1wGcAw?feature=oembed\" frameborder=\"0\" allow=\"accelerometer; autoplay; clipboard-write; encrypted-media; gyroscope; picture-in-picture\" allowfullscreen><\/iframe>\n<\/div><\/figure>\n\n\n\n<p><\/p>\n\n\n\n<figure class=\"wp-block-embed is-type-video is-provider-youtube wp-block-embed-youtube wp-embed-aspect-16-9 wp-has-aspect-ratio\"><div class=\"wp-block-embed__wrapper\">\n<iframe loading=\"lazy\" title=\"ASEFEMSA Programas Salud Financiera = Bienestar\" width=\"950\" height=\"534\" src=\"https:\/\/www.youtube.com\/embed\/EBJwjproWJs?feature=oembed\" frameborder=\"0\" allow=\"accelerometer; autoplay; clipboard-write; encrypted-media; gyroscope; picture-in-picture\" allowfullscreen><\/iframe>\n<\/div><\/figure>\n\n\n\n<p><\/p>\n\n\n\n<p><\/p>\n\n\n\n<p>Escriba a los correos de Servicio al Asociado en caso de consultas: <a href=\"mailto:tcrnancy.zamora@kof.com.mx\">tcrnancy.zamora@kof.com.mx<\/a> \/ <a href=\"mailto:tcrmarianela.alpizar@kof.com.mx\">tcrmarianela.alpizar@kof.com.mx<\/a><\/p>\n\n\n\n<p><\/p>\n\n\n\n<p style=\"font-size:18px\"><em>IMPORTANTE: El plazo para completar el cuestionario del Estudio Socioecon\u00f3mico es hasta el 15 de marzo 2022<\/em><\/p>\n\n\n\n<p>&#8212;<\/p>\n","protected":false},"excerpt":{"rendered":"<p>Informamos la lista de personas asociadas que resultaron favorecidas en el segundo bloque de rifas*, por participar en el Estudio Socioecon\u00f3mico.<\/p>\n<a href=\"https:\/\/encontacto.asefemsa.com\/index.php\/2022\/03\/08\/personas-favorecidas-segundo-bloque-de-rifas-estudio-socioeconomico\/\" class=\"more-link\">Leer m\u00e1s<\/a>","protected":false},"author":1,"featured_media":833,"comment_status":"open","ping_status":"open","sticky":false,"template":"","format":"standard","meta":{"footnotes":""},"categories":[86,6],"tags":[],"class_list":["post-947","post","type-post","status-publish","format-standard","has-post-thumbnail","hentry","category-salud-financiera-bienestar","category-solidaridad","col-xs-12"],"_links":{"self":[{"href":"https:\/\/encontacto.asefemsa.com\/index.php\/wp-json\/wp\/v2\/posts\/947","targetHints":{"allow":["GET"]}}],"collection":[{"href":"https:\/\/encontacto.asefemsa.com\/index.php\/wp-json\/wp\/v2\/posts"}],"about":[{"href":"https:\/\/encontacto.asefemsa.com\/index.php\/wp-json\/wp\/v2\/types\/post"}],"author":[{"embeddable":true,"href":"https:\/\/encontacto.asefemsa.com\/index.php\/wp-json\/wp\/v2\/users\/1"}],"replies":[{"embeddable":true,"href":"https:\/\/encontacto.asefemsa.com\/index.php\/wp-json\/wp\/v2\/comments?post=947"}],"version-history":[{"count":3,"href":"https:\/\/encontacto.asefemsa.com\/index.php\/wp-json\/wp\/v2\/posts\/947\/revisions"}],"predecessor-version":[{"id":1965,"href":"https:\/\/encontacto.asefemsa.com\/index.php\/wp-json\/wp\/v2\/posts\/947\/revisions\/1965"}],"wp:featuredmedia":[{"embeddable":true,"href":"https:\/\/encontacto.asefemsa.com\/index.php\/wp-json\/wp\/v2\/media\/833"}],"wp:attachment":[{"href":"https:\/\/encontacto.asefemsa.com\/index.php\/wp-json\/wp\/v2\/media?parent=947"}],"wp:term":[{"taxonomy":"category","embeddable":true,"href":"https:\/\/encontacto.asefemsa.com\/index.php\/wp-json\/wp\/v2\/categories?post=947"},{"taxonomy":"post_tag","embeddable":true,"href":"https:\/\/encontacto.asefemsa.com\/index.php\/wp-json\/wp\/v2\/tags?post=947"}],"curies":[{"name":"wp","href":"https:\/\/api.w.org\/{rel}","templated":true}]}}