{"id":954,"date":"2022-03-18T11:09:31","date_gmt":"2022-03-18T17:09:31","guid":{"rendered":"https:\/\/encontacto.asefemsa.com\/?p=954"},"modified":"2022-03-29T21:13:22","modified_gmt":"2022-03-30T03:13:22","slug":"horario-semana-santa","status":"publish","type":"post","link":"https:\/\/encontacto.asefemsa.com\/index.php\/2022\/03\/18\/horario-semana-santa\/","title":{"rendered":"Horario Semana Santa"},"content":{"rendered":"\n<p>Informamos nuestro horario de atenci\u00f3n durante la Semana Santa:<\/p>\n\n\n\n<p><br><mark style=\"background-color:rgba(0, 0, 0, 0);color:#a31e00\" class=\"has-inline-color\"><strong>OFICINAS ADMINISTRATIVAS Y DE SERVICIO<\/strong>:<\/mark> <\/p>\n\n\n\n<p><strong>CERRADO<\/strong> del lunes <strong>11<\/strong> al viernes <strong>15<\/strong> de abril 2022<\/p>\n\n\n\n<p>IMPORTANTE: <em>Durante los d\u00edas de cierre, nuestras plataformas estar\u00e1n disponibles para consultas pero inhabilitadas para tr\u00e1mites.<\/em><\/p>\n\n\n\n<hr class=\"wp-block-separator\"\/>\n\n\n\n<p><strong><mark style=\"background-color:rgba(0, 0, 0, 0);color:#a31500\" class=\"has-inline-color\">CL\u00cdNICA DENTAL:<\/mark><\/strong> <br><strong>CERRADA<\/strong> del lunes <strong>11<\/strong> al viernes <strong>15<\/strong> de abril 2022<\/p>\n\n\n\n<hr class=\"wp-block-separator\"\/>\n\n\n\n<p><strong><mark style=\"background-color:rgba(0, 0, 0, 0);color:#a31e00\" class=\"has-inline-color\">TIENDA COCA-COLA:<\/mark><\/strong> <br><strong>CERRADA<\/strong> Jueves 14 y viernes 15 de abril 2022<\/p>\n\n\n\n<hr class=\"wp-block-separator\"\/>\n\n\n\n<p><mark style=\"background-color:rgba(0, 0, 0, 0);color:#a31e00\" class=\"has-inline-color\"><strong>PARQUEO:<\/strong> <\/mark><br>El parqueo funcionar\u00e1 en su horario habitual.<br>Ingreso con tarjeta <\/p>\n\n\n\n<hr class=\"wp-block-separator\"\/>\n\n\n\n<p><\/p>\n\n\n\n<p><em>Rogamos considerar este horario al momento de requerir nuestros servicios.<\/em><\/p>\n","protected":false},"excerpt":{"rendered":"<p>Informamos nuestro horario de atenci\u00f3n durante la Semana Santa 2022<\/p>\n<a href=\"https:\/\/encontacto.asefemsa.com\/index.php\/2022\/03\/18\/horario-semana-santa\/\" class=\"more-link\">Leer m\u00e1s<\/a>","protected":false},"author":1,"featured_media":955,"comment_status":"open","ping_status":"open","sticky":false,"template":"","format":"standard","meta":{"footnotes":""},"categories":[52],"tags":[],"class_list":["post-954","post","type-post","status-publish","format-standard","has-post-thumbnail","hentry","category-servicio","col-xs-12"],"_links":{"self":[{"href":"https:\/\/encontacto.asefemsa.com\/index.php\/wp-json\/wp\/v2\/posts\/954","targetHints":{"allow":["GET"]}}],"collection":[{"href":"https:\/\/encontacto.asefemsa.com\/index.php\/wp-json\/wp\/v2\/posts"}],"about":[{"href":"https:\/\/encontacto.asefemsa.com\/index.php\/wp-json\/wp\/v2\/types\/post"}],"author":[{"embeddable":true,"href":"https:\/\/encontacto.asefemsa.com\/index.php\/wp-json\/wp\/v2\/users\/1"}],"replies":[{"embeddable":true,"href":"https:\/\/encontacto.asefemsa.com\/index.php\/wp-json\/wp\/v2\/comments?post=954"}],"version-history":[{"count":4,"href":"https:\/\/encontacto.asefemsa.com\/index.php\/wp-json\/wp\/v2\/posts\/954\/revisions"}],"predecessor-version":[{"id":971,"href":"https:\/\/encontacto.asefemsa.com\/index.php\/wp-json\/wp\/v2\/posts\/954\/revisions\/971"}],"wp:featuredmedia":[{"embeddable":true,"href":"https:\/\/encontacto.asefemsa.com\/index.php\/wp-json\/wp\/v2\/media\/955"}],"wp:attachment":[{"href":"https:\/\/encontacto.asefemsa.com\/index.php\/wp-json\/wp\/v2\/media?parent=954"}],"wp:term":[{"taxonomy":"category","embeddable":true,"href":"https:\/\/encontacto.asefemsa.com\/index.php\/wp-json\/wp\/v2\/categories?post=954"},{"taxonomy":"post_tag","embeddable":true,"href":"https:\/\/encontacto.asefemsa.com\/index.php\/wp-json\/wp\/v2\/tags?post=954"}],"curies":[{"name":"wp","href":"https:\/\/api.w.org\/{rel}","templated":true}]}}